{"id":2917,"date":"2014-07-14T15:30:00","date_gmt":"2014-07-14T15:30:00","guid":{"rendered":"http:\/\/formalprision.info\/2014\/07\/14\/entregan-apoyos-jovenes-emprendedores\/"},"modified":"2015-06-03T08:36:55","modified_gmt":"2015-06-03T08:36:55","slug":"entregan-apoyos-jovenes-emprendedores","status":"publish","type":"post","link":"https:\/\/formalprision.com\/?p=2917","title":{"rendered":"Entregan apoyos a j\u00f3venes emprendedores del sector rural"},"content":{"rendered":"<div style=\"font-family: Noteworthy; font-size: 20px; font-weight: bold; line-height: 26px; -webkit-tap-highlight-color: rgba(26, 26, 26, 0.296875); -webkit-composition-fill-color: rgba(130, 98, 83, 0.0976563); -webkit-composition-frame-color: rgba(191, 107, 82, 0.496094); \">Con el fin de impulsar la participaci\u00f3n de 81 j\u00f3venes emprendedores en actividades rurales, autoridades estatales y federales les entregaron recursos econ\u00f3micos por m\u00e1s de seis millones de pesos, para que contin\u00faen desarrollando proyectos enfocados a la cr\u00eda de camar\u00f3n y la siembra del chile habanero y tomate.<\/div>\n<div style=\"font-family: Noteworthy; font-size: 20px; font-weight: bold; line-height: 26px; -webkit-tap-highlight-color: rgba(26, 26, 26, 0.296875); -webkit-composition-fill-color: rgba(130, 98, 83, 0.0976563); -webkit-composition-frame-color: rgba(191, 107, 82, 0.496094); \">El Gobernador Rolando Zapata Bello y el titular de la Secretar\u00eda de Desarrollo Agrario, Territorial y Urbano (Sedatu), Jorge Carlos Ram\u00edrez Mar\u00edn, encabezaron la distribuci\u00f3n de dicha inversi\u00f3n que es parte del programa \u201cApoyo a j\u00f3venes para la productividad de futuras empresas rurales\u201d, el cual busca fortalecer el capital humano y consolidar las agroempresas.<\/div>\n<div style=\"font-family: Noteworthy; font-size: 20px; font-weight: bold; line-height: 26px; -webkit-tap-highlight-color: rgba(26, 26, 26, 0.296875); -webkit-composition-fill-color: rgba(130, 98, 83, 0.0976563); -webkit-composition-frame-color: rgba(191, 107, 82, 0.496094); \">El esquema consiste en tres etapas -Escuela, Agroempresarial y Consolidaci\u00f3n de agroempresas-, de manera que se respalda a los proyectos desde una fase inicial de capacitaci\u00f3n hasta la comercializaci\u00f3n del producto.<\/div>\n<div style=\"font-family: Noteworthy; font-size: 20px; font-weight: bold; line-height: 26px; -webkit-tap-highlight-color: rgba(26, 26, 26, 0.296875); -webkit-composition-fill-color: rgba(130, 98, 83, 0.0976563); -webkit-composition-frame-color: rgba(191, 107, 82, 0.496094); \">Al dirigir un mensaje en la cancha de basquetbol de la comunidad meridana de Kikteil, el titular del Poder Ejecutivo se\u00f1al\u00f3 que el impulso a los j\u00f3venes es una alta prioridad en la entidad, por lo que los llam\u00f3 a visualizarse como emprendedores con un proyecto propio y con la capacidad de ser empresarios, crecer y generar fuentes de empleo.<\/div>\n<div style=\"font-family: Noteworthy; font-size: 20px; font-weight: bold; line-height: 26px; -webkit-tap-highlight-color: rgba(26, 26, 26, 0.296875); -webkit-composition-fill-color: rgba(130, 98, 83, 0.0976563); -webkit-composition-frame-color: rgba(191, 107, 82, 0.496094); \">\u201cEs importante que la juventud yucateca ponga los ojos en el campo, que los j\u00f3venes no sientan que trabajar en actividades agropecuarias es un veh\u00edculo para la subsistencia, sino como actividades que pueden convertirse en alta rentabilidad econ\u00f3mica\u201d, destac\u00f3 el mandatario ante beneficiarios y vecinos de la comunidad.<\/div>\n<div style=\"font-family: Noteworthy; font-size: 20px; font-weight: bold; line-height: 26px; -webkit-tap-highlight-color: rgba(26, 26, 26, 0.296875); -webkit-composition-fill-color: rgba(130, 98, 83, 0.0976563); -webkit-composition-frame-color: rgba(191, 107, 82, 0.496094); \">Asimismo, el Gobernador reconoci\u00f3 que los proyectos que fueron apoyados son precursores en demostrar a la juventud que vale la pena apostarle al campo, por lo que instruy\u00f3 llevar a sus responsables al Parque Cient\u00edfico y Tecnol\u00f3gico del Estado para poner a su disposici\u00f3n las herramientas y los equipos que les permitan mejorar su producci\u00f3n y productividad.<\/div>\n<div style=\"font-family: Noteworthy; font-size: 20px; font-weight: bold; line-height: 26px; -webkit-tap-highlight-color: rgba(26, 26, 26, 0.296875); -webkit-composition-fill-color: rgba(130, 98, 83, 0.0976563); -webkit-composition-frame-color: rgba(191, 107, 82, 0.496094); \">Por su parte, Ram\u00edrez Mar\u00edn coment\u00f3 que se escogi\u00f3 a las comisar\u00edas de M\u00e9rida para poner en marcha el programa porque son zonas rurales con servicios b\u00e1sicos a la mano, que cuentan con mano de obra calificada. Adem\u00e1s, por su cercan\u00eda a los centros educativos y la facilidad de comercializar los productos en el mercado de la capital yucateca.<\/div>\n<div style=\"font-family: Noteworthy; font-size: 20px; font-weight: bold; line-height: 26px; -webkit-tap-highlight-color: rgba(26, 26, 26, 0.296875); -webkit-composition-fill-color: rgba(130, 98, 83, 0.0976563); -webkit-composition-frame-color: rgba(191, 107, 82, 0.496094); \">El funcionario federal tambi\u00e9n inform\u00f3 que este a\u00f1o Yucat\u00e1n cuenta con la cartera m\u00e1s grande de proyectos que se haya conformado en el marco del programa y que \u00e9stos se vincular\u00e1n con los esquemas de productividad que se desarrollan en el estado para que puedan recibir asesor\u00edas en materia de mercado y producci\u00f3n.<\/div>\n<div style=\"font-family: Noteworthy; font-size: 20px; font-weight: bold; line-height: 26px; -webkit-tap-highlight-color: rgba(26, 26, 26, 0.296875); -webkit-composition-fill-color: rgba(130, 98, 83, 0.0976563); -webkit-composition-frame-color: rgba(191, 107, 82, 0.496094); \">Al dar detalles de los planes beneficiados, el coordinador del esquema, Daniel Mac\u00edas Centuri\u00f3n, explic\u00f3 que los j\u00f3venes emprendedores de Kikteil, que conforman el grupo de \u201cLos saltarines\u201d, se dedican a la siembra de chile habanero y ya van en la segunda etapa del proyecto, lo que les permite acceder a recursos por cinco millones 423 mil pesos.<\/div>\n<div style=\"font-family: Noteworthy; font-size: 20px; font-weight: bold; line-height: 26px; -webkit-tap-highlight-color: rgba(26, 26, 26, 0.296875); -webkit-composition-fill-color: rgba(130, 98, 83, 0.0976563); -webkit-composition-frame-color: rgba(191, 107, 82, 0.496094); \">Un segundo grupo, originario de la comunidad de Dzidzilch\u00e9, trabaja en la siembra del tomate en una primera etapa, por lo que recibieron un monto de 679 mil 572 pesos. Finalmente, el tercer proyecto, que es impulsado por j\u00f3venes de San Pedro Chimay y tambi\u00e9n se encuentra en una fase inicial, se enfocan a la cr\u00eda de camar\u00f3n y ser\u00e1 apoyado con con 618 mil 352 pesos.<\/div>\n<div style=\"font-family: Noteworthy; font-size: 20px; font-weight: bold; line-height: 26px; -webkit-tap-highlight-color: rgba(26, 26, 26, 0.296875); -webkit-composition-fill-color: rgba(130, 98, 83, 0.0976563); -webkit-composition-frame-color: rgba(191, 107, 82, 0.496094); \">A nombre de los beneficiarios, Maximiliano Cab Can, representante de este \u00faltimo grupo, agradeci\u00f3 la coordinaci\u00f3n de las autoridades para impulsar este tipo de programas, ya que representa una posibilidad para no migrar a la ciudad y tener un empleo productivo en la propia comunidad.<\/div>\n<div style=\"font-family: Noteworthy; font-size: 20px; font-weight: bold; line-height: 26px; -webkit-tap-highlight-color: rgba(26, 26, 26, 0.296875); -webkit-composition-fill-color: rgba(130, 98, 83, 0.0976563); -webkit-composition-frame-color: rgba(191, 107, 82, 0.496094); \">Asimismo, Eva Sosa Sosa, de Kikteil, expres\u00f3 su agradecimiento por la confianza que las autoridades depositaron en el proyecto de chile habanero y asegur\u00f3 que todos los involucrados trabajar\u00e1n para que la segunda etapa sea exitosa como lo fue la primera y puedan comercializar el producto.<\/div>\n<div style=\"font-family: Noteworthy; font-size: 20px; font-weight: bold; line-height: 26px; -webkit-tap-highlight-color: rgba(26, 26, 26, 0.296875); -webkit-composition-fill-color: rgba(130, 98, 83, 0.0976563); -webkit-composition-frame-color: rgba(191, 107, 82, 0.496094); \">Al evento asistieron el presidente de la Junta de Gobierno y Coordinaci\u00f3n Pol\u00edtica del Congreso local, Luis Hevia Jim\u00e9nez; el secretario de Desarrollo Rural, Felipe Cervera Hern\u00e1ndez; la secretaria de la Juventud, Alaine L\u00f3pez Brice\u00f1o; el delegado de la Sedatu en el estado, Wilberth Novelo Ceballos, y el diputado federal, Mauricio Sahu\u00ed Rivero.<\/p>\n<div class=\"separator\" style=\"clear: both;\"><a href=\"https:\/\/lh6.googleusercontent.com\/-kWcS0bQfn10\/U8P3gz2HIeI\/AAAAAAAAiFk\/S8Zw5zzqmX4\/s640\/blogger-image--1185605455.jpg\" imageanchor=\"1\" style=\"margin-left: 1em; margin-right: 1em;\"><img decoding=\"async\" border=\"0\" src=\"https:\/\/lh6.googleusercontent.com\/-kWcS0bQfn10\/U8P3gz2HIeI\/AAAAAAAAiFk\/S8Zw5zzqmX4\/s640\/blogger-image--1185605455.jpg\"><\/a><\/div>\n<\/div>\n<div style=\"font-family: Noteworthy; font-size: 20px; font-weight: bold; line-height: 26px; -webkit-tap-highlight-color: rgba(26, 26, 26, 0.296875); -webkit-composition-fill-color: rgba(130, 98, 83, 0.0976563); -webkit-composition-frame-color: rgba(191, 107, 82, 0.496094); \"><\/div>\n","protected":false},"excerpt":{"rendered":"<p>Con el fin de impulsar la participaci\u00f3n de 81 j\u00f3venes emprendedores en actividades rurales, autoridades estatales y federales les entregaron recursos econ\u00f3micos por m\u00e1s de seis millones de pesos, para<\/p>\n","protected":false},"author":1,"featured_media":15945,"comment_status":"open","ping_status":"open","sticky":false,"template":"","format":"standard","meta":{"jetpack_post_was_ever_published":false,"_jetpack_newsletter_access":"","_jetpack_dont_email_post_to_subs":false,"_jetpack_newsletter_tier_id":0,"_jetpack_memberships_contains_paywalled_content":false,"_jetpack_memberships_contains_paid_content":false,"footnotes":"","jetpack_publicize_message":"","jetpack_publicize_feature_enabled":true,"jetpack_social_post_already_shared":false,"jetpack_social_options":{"image_generator_settings":{"template":"highway","default_image_id":0,"font":"","enabled":false},"version":2}},"categories":[17,1],"tags":[],"class_list":["post-2917","post","type-post","status-publish","format-standard","has-post-thumbnail","hentry","category-politica-y-gobierno","category-sin-categoria"],"jetpack_publicize_connections":[],"jetpack_featured_media_url":"https:\/\/formalprision.com\/wp-content\/uploads\/2014\/07\/blogger-image-1185605455.jpg","jetpack_sharing_enabled":true,"jetpack_shortlink":"https:\/\/wp.me\/p6id8p-L3","_links":{"self":[{"href":"https:\/\/formalprision.com\/index.php?rest_route=\/wp\/v2\/posts\/2917","targetHints":{"allow":["GET"]}}],"collection":[{"href":"https:\/\/formalprision.com\/index.php?rest_route=\/wp\/v2\/posts"}],"about":[{"href":"https:\/\/formalprision.com\/index.php?rest_route=\/wp\/v2\/types\/post"}],"author":[{"embeddable":true,"href":"https:\/\/formalprision.com\/index.php?rest_route=\/wp\/v2\/users\/1"}],"replies":[{"embeddable":true,"href":"https:\/\/formalprision.com\/index.php?rest_route=%2Fwp%2Fv2%2Fcomments&post=2917"}],"version-history":[{"count":0,"href":"https:\/\/formalprision.com\/index.php?rest_route=\/wp\/v2\/posts\/2917\/revisions"}],"wp:featuredmedia":[{"embeddable":true,"href":"https:\/\/formalprision.com\/index.php?rest_route=\/wp\/v2\/media\/15945"}],"wp:attachment":[{"href":"https:\/\/formalprision.com\/index.php?rest_route=%2Fwp%2Fv2%2Fmedia&parent=2917"}],"wp:term":[{"taxonomy":"category","embeddable":true,"href":"https:\/\/formalprision.com\/index.php?rest_route=%2Fwp%2Fv2%2Fcategories&post=2917"},{"taxonomy":"post_tag","embeddable":true,"href":"https:\/\/formalprision.com\/index.php?rest_route=%2Fwp%2Fv2%2Ftags&post=2917"}],"curies":[{"name":"wp","href":"https:\/\/api.w.org\/{rel}","templated":true}]}}