{"id":2918,"date":"2014-07-14T15:25:00","date_gmt":"2014-07-14T15:25:00","guid":{"rendered":"http:\/\/formalprision.info\/2014\/07\/14\/presentan-programa-social-para-yucatan\/"},"modified":"2015-06-03T08:36:56","modified_gmt":"2015-06-03T08:36:56","slug":"presentan-programa-social-para-yucatan","status":"publish","type":"post","link":"https:\/\/formalprision.com\/?p=2918","title":{"rendered":"Presentan programa &quot;Bienestar social&quot; para Yucat\u00e1n"},"content":{"rendered":"<div style=\"font-family: Noteworthy; font-size: 20px; font-weight: bold; line-height: 26px; -webkit-tap-highlight-color: rgba(26, 26, 26, 0.296875); -webkit-composition-fill-color: rgba(130, 98, 83, 0.0976563); -webkit-composition-frame-color: rgba(191, 107, 82, 0.496094); \">En cumplimiento al compromiso 125 del Gobierno del Estado, &nbsp;autoridades presentaron el programa de Coinversi\u00f3n Social \u00abBienestar social\u00bb, el cual apoyar\u00e1 a organizaciones de la sociedad civil con una mezcla de recursos federales y estatales superior a 11 millones de pesos.<\/div>\n<div style=\"font-family: Noteworthy; font-size: 20px; font-weight: bold; line-height: 26px; -webkit-tap-highlight-color: rgba(26, 26, 26, 0.296875); -webkit-composition-fill-color: rgba(130, 98, 83, 0.0976563); -webkit-composition-frame-color: rgba(191, 107, 82, 0.496094); \">En el marco del esquema \u201cRecicla por tu bienestar\u201d, realizado en la cancha de usos m\u00faltiples de San Jos\u00e9 Vergel, el secretario de Desarrollo Social, Nerio Torres Arcila, indic\u00f3 que se invertir\u00e1 en proyectos que beneficien de manera activa a la entidad en cinco rubros: participaci\u00f3n comunitaria, alimentaci\u00f3n, sociedad incluyente, igualdad de g\u00e9nero y capacitaci\u00f3n.<\/div>\n<div style=\"font-family: Noteworthy; font-size: 20px; font-weight: bold; line-height: 26px; -webkit-tap-highlight-color: rgba(26, 26, 26, 0.296875); -webkit-composition-fill-color: rgba(130, 98, 83, 0.0976563); -webkit-composition-frame-color: rgba(191, 107, 82, 0.496094); \">Acompa\u00f1ado por el delegado federal de la Secretar\u00eda de Desarrollo Social (Sedesol), Luis Borjas Romero, Torres Arcila explic\u00f3 que dicho programa abri\u00f3 su convocatoria el 10 de julio y cerrar\u00e1 el 31 del mismo mes, para proceder a la validaci\u00f3n y dictaminaci\u00f3n de los proyectos a los cuales se les aportar\u00e1 desde 250 mil, hasta 300 mil pesos.<\/div>\n<div style=\"font-family: Noteworthy; font-size: 20px; font-weight: bold; line-height: 26px; -webkit-tap-highlight-color: rgba(26, 26, 26, 0.296875); -webkit-composition-fill-color: rgba(130, 98, 83, 0.0976563); -webkit-composition-frame-color: rgba(191, 107, 82, 0.496094); \">\u00abPara el Gobernador Rolando Zapata Bello es muy importante que Yucat\u00e1n siga siendo un ejemplo nacional en materia de organizaci\u00f3n, fortalecimiento y apoyo a organizaciones de la sociedad civil, por eso en la edici\u00f3n 2014 de \u2018Bienestar social\u2019, el estado aporta seis millones de pesos\u00bb, subray\u00f3.<\/div>\n<div style=\"font-family: Noteworthy; font-size: 20px; font-weight: bold; line-height: 26px; -webkit-tap-highlight-color: rgba(26, 26, 26, 0.296875); -webkit-composition-fill-color: rgba(130, 98, 83, 0.0976563); -webkit-composition-frame-color: rgba(191, 107, 82, 0.496094); \">Por su parte, Borjas Romero refiri\u00f3 que en el ejercicio del 2006 al 2012, se invirtieron alrededor de 25 millones de pesos para 140 proyectos y en suma en el 2013 y 2014, se ha dispuesto de 22 millones 522 mil 720 pesos.<\/div>\n<div style=\"font-family: Noteworthy; font-size: 20px; font-weight: bold; line-height: 26px; -webkit-tap-highlight-color: rgba(26, 26, 26, 0.296875); -webkit-composition-fill-color: rgba(130, 98, 83, 0.0976563); -webkit-composition-frame-color: rgba(191, 107, 82, 0.496094); \">\u00abCon esta convocatoria se pretende beneficiar a m\u00e1s de 50 proyectos sociales, principalmente a los que atienden problem\u00e1ticas espec\u00edficas en localidades de muy alta marginaci\u00f3n, donde territorialmente tiene mayor impacto social la Cruzada Nacional contra el Hambre, iniciativa del Presidente Enrique Pe\u00f1a Nieto\u00bb, puntualiz\u00f3.<\/div>\n<div style=\"font-family: Noteworthy; font-size: 20px; font-weight: bold; line-height: 26px; -webkit-tap-highlight-color: rgba(26, 26, 26, 0.296875); -webkit-composition-fill-color: rgba(130, 98, 83, 0.0976563); -webkit-composition-frame-color: rgba(191, 107, 82, 0.496094); \">Durante la presentaci\u00f3n, se inform\u00f3 que las bases ya pueden consultarse en la p\u00e1gina www.indesol.gob.mx &lt;http:\/\/www.indesol.gob.mx\/&gt; .<\/div>\n<div style=\"font-family: Noteworthy; font-size: 20px; font-weight: bold; line-height: 26px; -webkit-tap-highlight-color: rgba(26, 26, 26, 0.296875); -webkit-composition-fill-color: rgba(130, 98, 83, 0.0976563); -webkit-composition-frame-color: rgba(191, 107, 82, 0.496094); \">Asistieron al evento el secretario de Salud, Jorge Mendoza M\u00e9zquita; el diputado local, Francisco Torres Rivas; la directora de la Junta de Asistencia Privada de Yucat\u00e1n (Japey), Bertha Alicia Rosado Rodr\u00edguez, y el titular de la Administraci\u00f3n del Patrimonio de la Beneficencia P\u00fablica, Miguel \u00c1ngel Cabrera Palma, as\u00ed como los regidores de M\u00e9rida, Alejandra Cer\u00f3n Grajales y Rub\u00e9n Segura P\u00e9rez.<\/div>\n<div style=\"font-family: Noteworthy; font-size: 20px; font-weight: bold; line-height: 26px; -webkit-tap-highlight-color: rgba(26, 26, 26, 0.296875); -webkit-composition-fill-color: rgba(130, 98, 83, 0.0976563); -webkit-composition-frame-color: rgba(191, 107, 82, 0.496094); \">Adem\u00e1s, representantes de las asociaciones civiles &nbsp;Semillas del Futuro, Red Infantil Ecol\u00f3gica de Yucat\u00e1n, El Renacer del Mayab y las Fundaciones &nbsp;del Empresariado Yucateco (Feyac), Asociaci\u00f3n Pujul\u00e1 Liga de Comunidades Mayas, la Asociaci\u00f3n de Mexicana de Diabetes en el Sureste y Rosaura Cruz A.C.<\/p>\n<div class=\"separator\" style=\"clear: both;\"><a href=\"https:\/\/lh5.googleusercontent.com\/-fLeh71NjtBs\/U8P2Vd2QEhI\/AAAAAAAAiFY\/JXW-Ol70Z7o\/s640\/blogger-image--1538070811.jpg\" imageanchor=\"1\" style=\"margin-left: 1em; margin-right: 1em;\"><img decoding=\"async\" border=\"0\" src=\"https:\/\/lh5.googleusercontent.com\/-fLeh71NjtBs\/U8P2Vd2QEhI\/AAAAAAAAiFY\/JXW-Ol70Z7o\/s640\/blogger-image--1538070811.jpg\"><\/a><\/div>\n<\/div>\n","protected":false},"excerpt":{"rendered":"<p>En cumplimiento al compromiso 125 del Gobierno del Estado, &nbsp;autoridades presentaron el programa de Coinversi\u00f3n Social \u00abBienestar social\u00bb, el cual apoyar\u00e1 a organizaciones de la sociedad civil con una mezcla<\/p>\n","protected":false},"author":1,"featured_media":15947,"comment_status":"open","ping_status":"open","sticky":false,"template":"","format":"standard","meta":{"jetpack_post_was_ever_published":false,"_jetpack_newsletter_access":"","_jetpack_dont_email_post_to_subs":false,"_jetpack_newsletter_tier_id":0,"_jetpack_memberships_contains_paywalled_content":false,"_jetpack_memberships_contains_paid_content":false,"footnotes":"","jetpack_publicize_message":"","jetpack_publicize_feature_enabled":true,"jetpack_social_post_already_shared":false,"jetpack_social_options":{"image_generator_settings":{"template":"highway","default_image_id":0,"font":"","enabled":false},"version":2}},"categories":[17,1],"tags":[],"class_list":["post-2918","post","type-post","status-publish","format-standard","has-post-thumbnail","hentry","category-politica-y-gobierno","category-sin-categoria"],"jetpack_publicize_connections":[],"jetpack_featured_media_url":"https:\/\/formalprision.com\/wp-content\/uploads\/2014\/07\/blogger-image-1538070811.jpg","jetpack_sharing_enabled":true,"jetpack_shortlink":"https:\/\/wp.me\/p6id8p-L4","_links":{"self":[{"href":"https:\/\/formalprision.com\/index.php?rest_route=\/wp\/v2\/posts\/2918","targetHints":{"allow":["GET"]}}],"collection":[{"href":"https:\/\/formalprision.com\/index.php?rest_route=\/wp\/v2\/posts"}],"about":[{"href":"https:\/\/formalprision.com\/index.php?rest_route=\/wp\/v2\/types\/post"}],"author":[{"embeddable":true,"href":"https:\/\/formalprision.com\/index.php?rest_route=\/wp\/v2\/users\/1"}],"replies":[{"embeddable":true,"href":"https:\/\/formalprision.com\/index.php?rest_route=%2Fwp%2Fv2%2Fcomments&post=2918"}],"version-history":[{"count":0,"href":"https:\/\/formalprision.com\/index.php?rest_route=\/wp\/v2\/posts\/2918\/revisions"}],"wp:featuredmedia":[{"embeddable":true,"href":"https:\/\/formalprision.com\/index.php?rest_route=\/wp\/v2\/media\/15947"}],"wp:attachment":[{"href":"https:\/\/formalprision.com\/index.php?rest_route=%2Fwp%2Fv2%2Fmedia&parent=2918"}],"wp:term":[{"taxonomy":"category","embeddable":true,"href":"https:\/\/formalprision.com\/index.php?rest_route=%2Fwp%2Fv2%2Fcategories&post=2918"},{"taxonomy":"post_tag","embeddable":true,"href":"https:\/\/formalprision.com\/index.php?rest_route=%2Fwp%2Fv2%2Ftags&post=2918"}],"curies":[{"name":"wp","href":"https:\/\/api.w.org\/{rel}","templated":true}]}}