{"id":2922,"date":"2014-07-12T16:52:00","date_gmt":"2014-07-12T16:52:00","guid":{"rendered":"http:\/\/formalprision.info\/2014\/07\/12\/sentencian-20-anos-de-carcel-al-yucateco\/"},"modified":"2015-06-03T08:36:56","modified_gmt":"2015-06-03T08:36:56","slug":"sentencian-20-anos-de-carcel-al-yucateco","status":"publish","type":"post","link":"https:\/\/formalprision.com\/?p=2922","title":{"rendered":"Sentencian a 20 a\u00f1os de c\u00e1rcel al &quot;matapolic\u00edas&quot; yucateco"},"content":{"rendered":"<div style=\"font-family: Noteworthy; font-size: 20px; font-weight: bold; line-height: 26px; -webkit-tap-highlight-color: rgba(26, 26, 26, 0.296875); -webkit-composition-fill-color: rgba(130, 98, 83, 0.0976563); -webkit-composition-frame-color: rgba(191, 107, 82, 0.496094); \">\n<div>El Juez de Control de Kanas\u00edn conden\u00f3 a 20 a\u00f1os y dos meses de prisi\u00f3n a Jos\u00e9 Rafael Huchim Kuk , quien asesinara a balazos a un polic\u00eda indefenso despu\u00e9s de un asalto.<\/div>\n<div>Fue sentenciado a esta pena por ser responsable &nbsp;al directo y material de los delitos de homicidio calificado y robo con violencia, tras privar de la vida al polic\u00eda municipal de Sey\u00e9, Adalberto Chabl\u00e9 Can, &nbsp;en septiembre pasado.<\/div>\n<div>La sentencia seguramente no caer\u00e1 muy bien entre los polic\u00edas yucatecos, pues la pena es baja si se toma en cuenta que su compa\u00f1ero cay\u00f3 en el cumplimiento de su deber y que no pudo defenderse porque estaba desarmado, adem\u00e1s de que el sujeto antes ya hab\u00eda intentado matar a otro polic\u00eda en Sey\u00e9.<\/div>\n<div>Tras las pruebas aportadas por la Fiscal\u00eda General del Estado en la audiencia que culmin\u00f3 el viernes por la noche, tambi\u00e9n se decret\u00f3 la reparaci\u00f3n del da\u00f1o por homicidio calificado por la cantidad de un mill\u00f3n 231 mil 282.80 pesos, a lo que se suma la reparaci\u00f3n del da\u00f1o por robo por un total de $10 mil pesos y la suspensi\u00f3n de sus derechos pol\u00edticos.<\/div>\n<div>El sujeto asalt\u00f3 un comercio en la poblaci\u00f3n de Tecoh, disparando contra una empleada y el polic\u00eda municipal, quien horas m\u00e1s tarde falleci\u00f3 cuando se le atend\u00eda en un hospital.<\/div>\n<div>El ahora condenado entr\u00f3 al comercio denominado \u201cHalc\u00f3n Centenario\u201d de la calle 30 por 21 y 23 en donde amag\u00f3 a los dependientes, rob\u00f3 el dinero de &nbsp;la caja registradora y abri\u00f3 fuego contra una de las empleadas y posteriormente contra el elemento policiaco.<\/div>\n<div>De 47 a\u00f1os de edad y ex militar, el sujeto busc\u00f3 escapar a bordo de un autom\u00f3vil pero finalmente fue detenido por las autoridades policiacas, que lo pusieron a disposici\u00f3n del Juez correspondiente.<\/div>\n<div>En enero de 2013, Alfonso D\u00edaz Kant\u00fan (a) \u201cArchie\u201d, comandante de la Polic\u00eda de Sey\u00e9, fue baleado en la comisar\u00eda de Canicab.<\/div>\n<div>En esa ocasi\u00f3n se detuvo a Jos\u00e9 Bernab\u00e9 Kuk Coll\u00ed (a) \u201cCheyenne\u201d,, primo de Jos\u00e9 Rafael, pero un juez lo liber\u00f3 porque no se comprob\u00f3 que \u00e9l hubiera disparado y porque dijo que el autor del atentado fue su pariente Jos\u00e9 Rafael Huchim.&nbsp;<\/p>\n<div class=\"separator\" style=\"clear: both;\"><a href=\"https:\/\/lh6.googleusercontent.com\/-1Kga5HUkNr4\/U8Fnrw-x2oI\/AAAAAAAAiEU\/csB-4x1072Y\/s640\/blogger-image-483584515.jpg\" imageanchor=\"1\" style=\"margin-left: 1em; margin-right: 1em;\"><img decoding=\"async\" border=\"0\" src=\"https:\/\/lh6.googleusercontent.com\/-1Kga5HUkNr4\/U8Fnrw-x2oI\/AAAAAAAAiEU\/csB-4x1072Y\/s640\/blogger-image-483584515.jpg\"><\/a><\/div>\n<\/div>\n<div><\/div>\n<\/div>\n","protected":false},"excerpt":{"rendered":"<p>El Juez de Control de Kanas\u00edn conden\u00f3 a 20 a\u00f1os y dos meses de prisi\u00f3n a Jos\u00e9 Rafael Huchim Kuk , quien asesinara a balazos a un polic\u00eda indefenso despu\u00e9s<\/p>\n","protected":false},"author":1,"featured_media":15955,"comment_status":"open","ping_status":"open","sticky":false,"template":"","format":"standard","meta":{"jetpack_post_was_ever_published":false,"_jetpack_newsletter_access":"","_jetpack_dont_email_post_to_subs":false,"_jetpack_newsletter_tier_id":0,"_jetpack_memberships_contains_paywalled_content":false,"_jetpack_memberships_contains_paid_content":false,"footnotes":"","jetpack_publicize_message":"","jetpack_publicize_feature_enabled":true,"jetpack_social_post_already_shared":false,"jetpack_social_options":{"image_generator_settings":{"template":"highway","default_image_id":0,"font":"","enabled":false},"version":2}},"categories":[3,1,49],"tags":[],"class_list":["post-2922","post","type-post","status-publish","format-standard","has-post-thumbnail","hentry","category-portada","category-sin-categoria","category-tocho-morocho"],"jetpack_publicize_connections":[],"jetpack_featured_media_url":"https:\/\/formalprision.com\/wp-content\/uploads\/2014\/07\/blogger-image-483584515.jpg","jetpack_sharing_enabled":true,"jetpack_shortlink":"https:\/\/wp.me\/p6id8p-L8","_links":{"self":[{"href":"https:\/\/formalprision.com\/index.php?rest_route=\/wp\/v2\/posts\/2922","targetHints":{"allow":["GET"]}}],"collection":[{"href":"https:\/\/formalprision.com\/index.php?rest_route=\/wp\/v2\/posts"}],"about":[{"href":"https:\/\/formalprision.com\/index.php?rest_route=\/wp\/v2\/types\/post"}],"author":[{"embeddable":true,"href":"https:\/\/formalprision.com\/index.php?rest_route=\/wp\/v2\/users\/1"}],"replies":[{"embeddable":true,"href":"https:\/\/formalprision.com\/index.php?rest_route=%2Fwp%2Fv2%2Fcomments&post=2922"}],"version-history":[{"count":0,"href":"https:\/\/formalprision.com\/index.php?rest_route=\/wp\/v2\/posts\/2922\/revisions"}],"wp:featuredmedia":[{"embeddable":true,"href":"https:\/\/formalprision.com\/index.php?rest_route=\/wp\/v2\/media\/15955"}],"wp:attachment":[{"href":"https:\/\/formalprision.com\/index.php?rest_route=%2Fwp%2Fv2%2Fmedia&parent=2922"}],"wp:term":[{"taxonomy":"category","embeddable":true,"href":"https:\/\/formalprision.com\/index.php?rest_route=%2Fwp%2Fv2%2Fcategories&post=2922"},{"taxonomy":"post_tag","embeddable":true,"href":"https:\/\/formalprision.com\/index.php?rest_route=%2Fwp%2Fv2%2Ftags&post=2922"}],"curies":[{"name":"wp","href":"https:\/\/api.w.org\/{rel}","templated":true}]}}