{"id":2923,"date":"2014-07-12T16:35:00","date_gmt":"2014-07-12T16:35:00","guid":{"rendered":"http:\/\/formalprision.info\/2014\/07\/12\/ciclista-muere-arrollado-en-la-avenida\/"},"modified":"2015-06-03T08:36:56","modified_gmt":"2015-06-03T08:36:56","slug":"ciclista-muere-arrollado-en-la-avenida","status":"publish","type":"post","link":"https:\/\/formalprision.com\/?p=2923","title":{"rendered":"Ciclista muere arrollado en la Avenida Internacional"},"content":{"rendered":"<div style=\"font-family: Noteworthy; font-size: 20px; font-weight: bold; line-height: 26px; -webkit-tap-highlight-color: rgba(26, 26, 26, 0.296875); -webkit-composition-fill-color: rgba(130, 98, 83, 0.0976563); -webkit-composition-frame-color: rgba(191, 107, 82, 0.496094); \">\n<div>Un ciclista meridano perdi\u00f3 la vida este s\u00e1bado al ser arrollado por una combi en la Avenida Internacional.<\/div>\n<div>El infortunado hombre, a\u00fan no identificado, fue lanzado hacia una camioneta que circulaba delante de \u00e9l y falleci\u00f3 al estrellarse luego en el pavimento.<\/div>\n<div>el percance ocurri\u00f3 poco despu\u00e9s de las 10 de la ma\u00f1ana en esa avenida, entre 18 y 20 de la Ciudad Industrial.<\/div>\n<div>Seg\u00fan los testigos, el ciclista fue golpeado por una combi y por el impacto vol\u00f3 por los aires, golpe\u00e1ndole contra una camioneta y luego contra el pavimento.<\/div>\n<div>El conductor de la combi huy\u00f3 con todo y veh\u00edculo, por lo que se mont\u00f3 un operativo de b\u00fasqueda, pero se desconoce su el responsable fue ubicado.<\/div>\n<div>El ciclista era de aproximadamente 60 a\u00f1os de edad y al parecer era de oficio alba\u00f1il.<\/p>\n<div class=\"separator\" style=\"clear: both;\"><a href=\"https:\/\/lh4.googleusercontent.com\/-Alp6wxG21W4\/U8Fj4UbBpbI\/AAAAAAAAiEI\/dBmJ4J2gRyg\/s640\/blogger-image--26706123.jpg\" imageanchor=\"1\" style=\"margin-left: 1em; margin-right: 1em;\"><img decoding=\"async\" border=\"0\" src=\"https:\/\/lh4.googleusercontent.com\/-Alp6wxG21W4\/U8Fj4UbBpbI\/AAAAAAAAiEI\/dBmJ4J2gRyg\/s640\/blogger-image--26706123.jpg\"><\/a><\/div>\n<\/div>\n<div><\/div>\n<\/div>\n","protected":false},"excerpt":{"rendered":"<p>Un ciclista meridano perdi\u00f3 la vida este s\u00e1bado al ser arrollado por una combi en la Avenida Internacional. El infortunado hombre, a\u00fan no identificado, fue lanzado hacia una camioneta que<\/p>\n","protected":false},"author":1,"featured_media":15957,"comment_status":"open","ping_status":"open","sticky":false,"template":"","format":"standard","meta":{"jetpack_post_was_ever_published":false,"_jetpack_newsletter_access":"","_jetpack_dont_email_post_to_subs":false,"_jetpack_newsletter_tier_id":0,"_jetpack_memberships_contains_paywalled_content":false,"_jetpack_memberships_contains_paid_content":false,"footnotes":"","jetpack_publicize_message":"","jetpack_publicize_feature_enabled":true,"jetpack_social_post_already_shared":false,"jetpack_social_options":{"image_generator_settings":{"template":"highway","default_image_id":0,"font":"","enabled":false},"version":2}},"categories":[8,3,1],"tags":[],"class_list":["post-2923","post","type-post","status-publish","format-standard","has-post-thumbnail","hentry","category-noticias-variadas","category-portada","category-sin-categoria"],"jetpack_publicize_connections":[],"jetpack_featured_media_url":"https:\/\/formalprision.com\/wp-content\/uploads\/2014\/07\/blogger-image-26706123.jpg","jetpack_sharing_enabled":true,"jetpack_shortlink":"https:\/\/wp.me\/p6id8p-L9","_links":{"self":[{"href":"https:\/\/formalprision.com\/index.php?rest_route=\/wp\/v2\/posts\/2923","targetHints":{"allow":["GET"]}}],"collection":[{"href":"https:\/\/formalprision.com\/index.php?rest_route=\/wp\/v2\/posts"}],"about":[{"href":"https:\/\/formalprision.com\/index.php?rest_route=\/wp\/v2\/types\/post"}],"author":[{"embeddable":true,"href":"https:\/\/formalprision.com\/index.php?rest_route=\/wp\/v2\/users\/1"}],"replies":[{"embeddable":true,"href":"https:\/\/formalprision.com\/index.php?rest_route=%2Fwp%2Fv2%2Fcomments&post=2923"}],"version-history":[{"count":0,"href":"https:\/\/formalprision.com\/index.php?rest_route=\/wp\/v2\/posts\/2923\/revisions"}],"wp:featuredmedia":[{"embeddable":true,"href":"https:\/\/formalprision.com\/index.php?rest_route=\/wp\/v2\/media\/15957"}],"wp:attachment":[{"href":"https:\/\/formalprision.com\/index.php?rest_route=%2Fwp%2Fv2%2Fmedia&parent=2923"}],"wp:term":[{"taxonomy":"category","embeddable":true,"href":"https:\/\/formalprision.com\/index.php?rest_route=%2Fwp%2Fv2%2Fcategories&post=2923"},{"taxonomy":"post_tag","embeddable":true,"href":"https:\/\/formalprision.com\/index.php?rest_route=%2Fwp%2Fv2%2Ftags&post=2923"}],"curies":[{"name":"wp","href":"https:\/\/api.w.org\/{rel}","templated":true}]}}