{"id":2928,"date":"2014-07-11T21:25:00","date_gmt":"2014-07-11T21:25:00","guid":{"rendered":"http:\/\/formalprision.info\/2014\/07\/11\/abre-en-merida-restaurante-de-comida\/"},"modified":"2015-06-03T08:36:57","modified_gmt":"2015-06-03T08:36:57","slug":"abre-en-merida-restaurante-de-comida","status":"publish","type":"post","link":"https:\/\/formalprision.com\/?p=2928","title":{"rendered":"Abre en M\u00e9rida restaurante de comida t\u00edpica de Sinaloa y Sonora"},"content":{"rendered":"<div style=\"font-family: Noteworthy; font-size: 20px; font-weight: bold; line-height: 26px; -webkit-tap-highlight-color: rgba(26, 26, 26, 0.296875); -webkit-composition-fill-color: rgba(130, 98, 83, 0.0976563); -webkit-composition-frame-color: rgba(191, 107, 82, 0.496094); \">\n<div>(COMUNICADO DE PRENSA) El director General de Fomento y Desarrollo Empresarial de la Secretar\u00eda de Fomento Econ\u00f3mico (Sefoe), Joaqu\u00edn Mier y Ter\u00e1n Puerto, constat\u00f3 este d\u00eda la apertura del restaurante \u201cMi gusto es\u201d, en el \u00e1rea comercial Noreste de M\u00e9rida, con una inversi\u00f3n inicial de seis millones de pesos.&nbsp;<\/div>\n<div>El funcionario destac\u00f3 que este negocio cuenta con 11 sucursales en el pa\u00eds, pero \u00e9sta es la primera fuera de la zona Centro, en virtud de que los experimentados inversionistas ven a la capital del estado como punta de lanza para entrar al Sureste y posteriormente extender sus operaciones a Canc\u00fan, Playa del Carmen y Campeche.&nbsp;<\/div>\n<div>\u201cNo cabe duda de que M\u00e9rida est\u00e1 en su mejor momento y eso no pasa desapercibido para empresarios y emprendedores, quienes le apuestan a este mercado trayendo conceptos innovadores que vienen a romper la cotidianeidad y lo tradicional, enriqueciendo la gama de productos servicios a disposici\u00f3n de meridanos, yucatecos y visitantes\u201d, expres\u00f3.&nbsp;<\/div>\n<div>Mier y Ter\u00e1n Puerto afirm\u00f3 que la capital emerge como una econom\u00eda en crecimiento que engloba grandes oportunidades para desarrollar negocios, en tanto que Yucat\u00e1n juega con mayor fuerza el papel de capital comercial y de servicios del Sureste de M\u00e9xico.<\/div>\n<div>\u201cQueremos ser la embajada de Sonora y Sinaloa en Yucat\u00e1n\u201d, asegur\u00f3 la gerente de Administraci\u00f3n, Gabriela Rodr\u00edguez Vel\u00e1zquez, quien explic\u00f3 que \u201cMi gusto es\u201d ofrece platillos t\u00edpicos de estos dos estados, elaborados con ingredientes tra\u00eddos directamente de esa regi\u00f3n, lo que garantiza ofrecer el sabor distintivo del Pac\u00edfico.&nbsp;<\/div>\n<div>Por su parte, el director Administrativo de la empresa, Edgardo Estrada Villa, expuso que actualmente se est\u00e1n generando 36 plazas laborales en esta sucursal, pero tienen planes de crear un eje de operaci\u00f3n en esta zona que les permita aminorar la dependencia del Distrito Federal.&nbsp;<\/div>\n<div>\u201cConfiamos en la capacidad de las personas de M\u00e9rida para ayudarnos a satisfacer todas las necesidades de los puestos que requeriremos dentro de la organizaci\u00f3n. En la medida en que podamos ir creciendo la idea es tener aqu\u00ed gente de supervisi\u00f3n y un centro de distribuci\u00f3n propio, lo que nos llevar\u00eda a necesitar mayor recurso humano\u201d, expuso.&nbsp;<\/div>\n<div>Finalmente dijo que ven factible abrir unidades en otras zonas de esta ciudad, lo cual ser\u00e1 determinado por la aceptaci\u00f3n que tenga \u00e9sta.&nbsp;<\/div>\n<div>El restaurante, ubicado en una plaza comercial al Noreste de la ciudad, tiene capacidad para recibir 285 comensales al mismo tiempo y hasta seis mil clientes de forma mensual&nbsp;<\/div>\n<div>La cadena de restaurantes \u201cMi gusto es\u201d opera diez sucursales en la Ciudad de M\u00e9xico, Toluca, Puebla y Cuernavaca. Con la reci\u00e9n inaugurada, est\u00e1 generando en su conjunto 628 empleos y atendiendo a m\u00e1s de 60 mil visitantes al mes.<\/p>\n<div class=\"separator\" style=\"clear: both;\"><a href=\"https:\/\/lh6.googleusercontent.com\/-DP-FPMJe9Sk\/U8BWQwRqAcI\/AAAAAAAAiDA\/PpWy2QKXgyc\/s640\/blogger-image--1348032536.jpg\" imageanchor=\"1\" style=\"margin-left: 1em; margin-right: 1em;\"><img decoding=\"async\" border=\"0\" src=\"https:\/\/lh6.googleusercontent.com\/-DP-FPMJe9Sk\/U8BWQwRqAcI\/AAAAAAAAiDA\/PpWy2QKXgyc\/s640\/blogger-image--1348032536.jpg\"><\/a><\/div>\n<\/div>\n<\/div>\n<div style=\"font-family: Noteworthy; font-size: 20px; font-weight: bold; line-height: 26px; -webkit-tap-highlight-color: rgba(26, 26, 26, 0.296875); -webkit-composition-fill-color: rgba(130, 98, 83, 0.0976563); -webkit-composition-frame-color: rgba(191, 107, 82, 0.496094); \"><\/div>\n","protected":false},"excerpt":{"rendered":"<p>(COMUNICADO DE PRENSA) El director General de Fomento y Desarrollo Empresarial de la Secretar\u00eda de Fomento Econ\u00f3mico (Sefoe), Joaqu\u00edn Mier y Ter\u00e1n Puerto, constat\u00f3 este d\u00eda la apertura del restaurante<\/p>\n","protected":false},"author":1,"featured_media":15967,"comment_status":"open","ping_status":"open","sticky":false,"template":"","format":"standard","meta":{"jetpack_post_was_ever_published":false,"_jetpack_newsletter_access":"","_jetpack_dont_email_post_to_subs":false,"_jetpack_newsletter_tier_id":0,"_jetpack_memberships_contains_paywalled_content":false,"_jetpack_memberships_contains_paid_content":false,"footnotes":"","jetpack_publicize_message":"","jetpack_publicize_feature_enabled":true,"jetpack_social_post_already_shared":false,"jetpack_social_options":{"image_generator_settings":{"template":"highway","default_image_id":0,"font":"","enabled":false},"version":2}},"categories":[1,49],"tags":[],"class_list":["post-2928","post","type-post","status-publish","format-standard","has-post-thumbnail","hentry","category-sin-categoria","category-tocho-morocho"],"jetpack_publicize_connections":[],"jetpack_featured_media_url":"https:\/\/formalprision.com\/wp-content\/uploads\/2014\/07\/blogger-image-1348032536.jpg","jetpack_sharing_enabled":true,"jetpack_shortlink":"https:\/\/wp.me\/p6id8p-Le","_links":{"self":[{"href":"https:\/\/formalprision.com\/index.php?rest_route=\/wp\/v2\/posts\/2928","targetHints":{"allow":["GET"]}}],"collection":[{"href":"https:\/\/formalprision.com\/index.php?rest_route=\/wp\/v2\/posts"}],"about":[{"href":"https:\/\/formalprision.com\/index.php?rest_route=\/wp\/v2\/types\/post"}],"author":[{"embeddable":true,"href":"https:\/\/formalprision.com\/index.php?rest_route=\/wp\/v2\/users\/1"}],"replies":[{"embeddable":true,"href":"https:\/\/formalprision.com\/index.php?rest_route=%2Fwp%2Fv2%2Fcomments&post=2928"}],"version-history":[{"count":0,"href":"https:\/\/formalprision.com\/index.php?rest_route=\/wp\/v2\/posts\/2928\/revisions"}],"wp:featuredmedia":[{"embeddable":true,"href":"https:\/\/formalprision.com\/index.php?rest_route=\/wp\/v2\/media\/15967"}],"wp:attachment":[{"href":"https:\/\/formalprision.com\/index.php?rest_route=%2Fwp%2Fv2%2Fmedia&parent=2928"}],"wp:term":[{"taxonomy":"category","embeddable":true,"href":"https:\/\/formalprision.com\/index.php?rest_route=%2Fwp%2Fv2%2Fcategories&post=2928"},{"taxonomy":"post_tag","embeddable":true,"href":"https:\/\/formalprision.com\/index.php?rest_route=%2Fwp%2Fv2%2Ftags&post=2928"}],"curies":[{"name":"wp","href":"https:\/\/api.w.org\/{rel}","templated":true}]}}