{"id":2929,"date":"2014-07-11T20:57:00","date_gmt":"2014-07-11T20:57:00","guid":{"rendered":"http:\/\/formalprision.info\/2014\/07\/11\/multas-de-7000-en-los-alocoholimetros\/"},"modified":"2015-06-03T08:36:57","modified_gmt":"2015-06-03T08:36:57","slug":"multas-de-7000-en-los-alocoholimetros","status":"publish","type":"post","link":"https:\/\/formalprision.com\/?p=2929","title":{"rendered":"Multas de $7,000 por conducir ebrio en la playa"},"content":{"rendered":"<div style=\"font-family: Noteworthy; font-size: 20px; font-weight: bold; line-height: 26px; -webkit-tap-highlight-color: rgba(26, 26, 26, 0.296875); -webkit-composition-fill-color: rgba(130, 98, 83, 0.0976563); -webkit-composition-frame-color: rgba(191, 107, 82, 0.496094); \">\n<div>El Gobernador Rolando Zapata Bello dio el banderazo de arranque del Operativo Vacacional Verano 2014, donde participar\u00e1n m\u00e1s de tres mil elementos y 160 unidades de vigilancia.<\/div>\n<div>Como todos los a\u00f1os en esta \u00e9poca, habr\u00e1 sanciones fuertes para aquellos conductores ebrios, de tal manera que pagar\u00e1n multas superiores a $7,000 por conducir alcoholizados.<\/div>\n<div>En la denominada \u00abzona de antros\u00bb, localizada entre Chicxulub Puerto y Uaymit\u00fan, habr\u00e1 vigilancia especial, con retenes alcohol\u00edmetros que funcionar\u00e1n incluso en altas horas de la madrugada.<\/div>\n<div>Las multas de $7,000 incluir\u00e1n los servicios de la gr\u00faa para llevar los veh\u00edculos al corral\u00f3n y la celda con ba\u00f1o por 24 horas, aunque de ser reincidentes los detenidos estar\u00e1n recluidos 36 horas.<\/div>\n<div>Todos los conductores ebrios recibir\u00e1n una torta y un refresco cada determinado tiempo durante su arresto.<\/div>\n<div>El titular de la Secretar\u00eda de Seguridad P\u00fablica (SSP), Luis Felipe Said\u00e9n Ojeda, explic\u00f3 que durante la estrategia estar\u00e1n al servicio veh\u00edculos y elementos de la Polic\u00eda Tur\u00edstica, patrullas viales, peritos de tr\u00e1nsito, el escuadr\u00f3n de motociclistas, gr\u00faas, unidades de auxilio vial, ambulancias, as\u00ed como integrantes del Grupo Escudo.<\/div>\n<div>El funcionario estatal tambi\u00e9n reiter\u00f3 la existencia de los operativos alcohol\u00edmetros y radar, el establecimiento de bases en la carretera M\u00e9rida-Progreso y otras \u00e1reas de la zona costera de mayor influencia, as\u00ed como la operaci\u00f3n de los n\u00fameros de emergencia 060 y 066, y 113 para celulares.<\/div>\n<div>El plan igual contar\u00e1 con puestos de revisi\u00f3n y control (retenes) de la Subsecretar\u00eda de Seguridad Ciudadana, que se colocar\u00e1n en los tramos Chelem-Chuburn\u00e1, Progreso\u2013Chicxulub Puerto; Telchac\u2013Chicxulub Puerto\u2013Uaymit\u00fan, adem\u00e1s de otros aleatorios, en los que estar\u00e1n &nbsp;destacados equipos especiales como el Grupo de Operaciones Especiales Contra Robo y Asalto (Goera).<\/div>\n<div>La SSP mantendr\u00e1 coordinaci\u00f3n permanente con el Ej\u00e9rcito Mexicano, la Marina-Armada de M\u00e9xico, Polic\u00eda Federal, Procuradur\u00eda General de la Rep\u00fablica (PGR), Fiscal\u00eda General del Estado (FGE), elementos municipales en el marco de la Polic\u00eda Estatal Coordinada, Cruz Roja Mexicana, \u00c1ngeles Verdes de la Secretar\u00eda de Turismo (Sectur) y Capitan\u00eda de Puerto.<\/div>\n<div>Al dirigir un mensaje en el evento celebrado en el parque tem\u00e1tico conmemorativo del Centenario del Ej\u00e9rcito Mexicano, el gobernador &nbsp;asegur\u00f3 que durante este periodo de asueto, las organizaciones de seguridad p\u00fablica en la entidad tendr\u00e1n la responsabilidad de garantizar a los visitantes las condiciones adecuadas para una convivencia arm\u00f3nica.<\/div>\n<div>Acompa\u00f1ado del secretario General de Gobierno, V\u00edctor Caballero Dur\u00e1n, polic\u00edas, representantes de la sociedad civil, acad\u00e9micos, empresarios, y autoridades estatales, federales y municipales, el mandatario indic\u00f3 que en el Operativo se colocar\u00e1n retenes en puntos estrat\u00e9gicos de la costa y lugares recreativos, que estar\u00e1n en contacto con la Unidad de Monitoreo e Inteligencia Policial (Umipol) para informar de novedades y atender cualquier emergencia.<\/div>\n<div>\u201cLa esencia de este Operativo es el trabajo coordinado entre las instancias de seguridad federal, estatal y municipal, lo cual ha sido la base y la constante de la pol\u00edtica en materia de seguridad p\u00fablica con las directrices marcadas por el Presidente Enrique Pe\u00f1a Nieto\u201d, destac\u00f3 Zapata Bello.<\/div>\n<div>En el marco de este evento, el mandatario estatal entreg\u00f3 est\u00edmulos econ\u00f3micos a 10 elementos de la SSP, de los m\u00e1s de 100 que recibir\u00e1n este reconocimiento por el trabajo que han ejercido para mantener la paz a favor de la poblaci\u00f3n del estado.<\/div>\n<div>Al evento asistieron los presidentes de la Junta de Gobierno y Coordinaci\u00f3n Pol\u00edtica del Congreso local, Luis Hevia Jim\u00e9nez; y del Tribunal Superior de Justicia del Estado, Marcos Celis Quintal; as\u00ed como los comandantes de la X Regi\u00f3n Militar, Jes\u00fas Javier Castillo Cabrera; y de la IX Zona Naval, Felipe Solano Armenta.<\/div>\n<div>Asimismo, la fiscal General del Estado, Celia Rivas Rodr\u00edguez; el representante de la Coordinaci\u00f3n Estatal de la Polic\u00eda Federal, Jos\u00e9 Ram\u00f3n Hern\u00e1ndez; el delegado de la PGR en el estado, Juan Manuel Le\u00f3n Le\u00f3n; y el presidente local del Consejo Coordinador Empresarial (CCE), Jos\u00e9 Manuel L\u00f3pez Campos.<\/p>\n<div class=\"separator\" style=\"clear: both;\"><a href=\"https:\/\/lh6.googleusercontent.com\/-30pmj34Zcfg\/U8BPw2Ju7fI\/AAAAAAAAiCw\/5tNMk6ZVG-M\/s640\/blogger-image--674162523.jpg\" imageanchor=\"1\" style=\"margin-left: 1em; margin-right: 1em;\"><img decoding=\"async\" border=\"0\" src=\"https:\/\/lh6.googleusercontent.com\/-30pmj34Zcfg\/U8BPw2Ju7fI\/AAAAAAAAiCw\/5tNMk6ZVG-M\/s640\/blogger-image--674162523.jpg\"><\/a><\/div>\n<\/div>\n<\/div>\n<div style=\"font-family: Noteworthy; font-size: 20px; font-weight: bold; line-height: 26px; -webkit-tap-highlight-color: rgba(26, 26, 26, 0.296875); -webkit-composition-fill-color: rgba(130, 98, 83, 0.0976563); -webkit-composition-frame-color: rgba(191, 107, 82, 0.496094); \"><\/div>\n","protected":false},"excerpt":{"rendered":"<p>El Gobernador Rolando Zapata Bello dio el banderazo de arranque del Operativo Vacacional Verano 2014, donde participar\u00e1n m\u00e1s de tres mil elementos y 160 unidades de vigilancia. Como todos los<\/p>\n","protected":false},"author":1,"featured_media":15969,"comment_status":"open","ping_status":"open","sticky":false,"template":"","format":"standard","meta":{"jetpack_post_was_ever_published":false,"_jetpack_newsletter_access":"","_jetpack_dont_email_post_to_subs":false,"_jetpack_newsletter_tier_id":0,"_jetpack_memberships_contains_paywalled_content":false,"_jetpack_memberships_contains_paid_content":false,"footnotes":"","jetpack_publicize_message":"","jetpack_publicize_feature_enabled":true,"jetpack_social_post_already_shared":false,"jetpack_social_options":{"image_generator_settings":{"template":"highway","default_image_id":0,"font":"","enabled":false},"version":2}},"categories":[10,1],"tags":[],"class_list":["post-2929","post","type-post","status-publish","format-standard","has-post-thumbnail","hentry","category-lectura-recomendada","category-sin-categoria"],"jetpack_publicize_connections":[],"jetpack_featured_media_url":"https:\/\/formalprision.com\/wp-content\/uploads\/2014\/07\/blogger-image-674162523.jpg","jetpack_sharing_enabled":true,"jetpack_shortlink":"https:\/\/wp.me\/p6id8p-Lf","_links":{"self":[{"href":"https:\/\/formalprision.com\/index.php?rest_route=\/wp\/v2\/posts\/2929","targetHints":{"allow":["GET"]}}],"collection":[{"href":"https:\/\/formalprision.com\/index.php?rest_route=\/wp\/v2\/posts"}],"about":[{"href":"https:\/\/formalprision.com\/index.php?rest_route=\/wp\/v2\/types\/post"}],"author":[{"embeddable":true,"href":"https:\/\/formalprision.com\/index.php?rest_route=\/wp\/v2\/users\/1"}],"replies":[{"embeddable":true,"href":"https:\/\/formalprision.com\/index.php?rest_route=%2Fwp%2Fv2%2Fcomments&post=2929"}],"version-history":[{"count":0,"href":"https:\/\/formalprision.com\/index.php?rest_route=\/wp\/v2\/posts\/2929\/revisions"}],"wp:featuredmedia":[{"embeddable":true,"href":"https:\/\/formalprision.com\/index.php?rest_route=\/wp\/v2\/media\/15969"}],"wp:attachment":[{"href":"https:\/\/formalprision.com\/index.php?rest_route=%2Fwp%2Fv2%2Fmedia&parent=2929"}],"wp:term":[{"taxonomy":"category","embeddable":true,"href":"https:\/\/formalprision.com\/index.php?rest_route=%2Fwp%2Fv2%2Fcategories&post=2929"},{"taxonomy":"post_tag","embeddable":true,"href":"https:\/\/formalprision.com\/index.php?rest_route=%2Fwp%2Fv2%2Ftags&post=2929"}],"curies":[{"name":"wp","href":"https:\/\/api.w.org\/{rel}","templated":true}]}}