{"id":2931,"date":"2014-07-11T06:22:00","date_gmt":"2014-07-11T06:22:00","guid":{"rendered":"http:\/\/formalprision.info\/2014\/07\/11\/costa-rica-campeon-del-mundialito-2014\/"},"modified":"2015-06-03T08:36:57","modified_gmt":"2015-06-03T08:36:57","slug":"costa-rica-campeon-del-mundialito-2014","status":"publish","type":"post","link":"https:\/\/formalprision.com\/?p=2931","title":{"rendered":"Costa Rica, campe\u00f3n del Mundialito 2014 del Cereso"},"content":{"rendered":"<div style=\"font-family: Noteworthy; font-size: 20px; font-weight: bold; line-height: 26px; -webkit-tap-highlight-color: rgba(26, 26, 26, 0.296875); -webkit-composition-fill-color: rgba(130, 98, 83, 0.0976563); -webkit-composition-frame-color: rgba(191, 107, 82, 0.496094); \">M\u00e9rida, Yucat\u00e1n, 10 de julio de 2014.- Con una emocionante final definida en tiros penales que favoreci\u00f3 a la selecci\u00f3n de Costa Rica, con un resultado de cuatro goles a dos, concluy\u00f3 la tercera edici\u00f3n del Mundialito del Centro de Reinserci\u00f3n Social (Cereso), que se celebr\u00f3 a la par de la Copa del Mundo de Brasil 2014 de la Federaci\u00f3n Internacional de F\u00fatbol Asociaci\u00f3n (FIFA).<\/div>\n<div style=\"font-family: Noteworthy; font-size: 20px; font-weight: bold; line-height: 26px; -webkit-tap-highlight-color: rgba(26, 26, 26, 0.296875); -webkit-composition-fill-color: rgba(130, 98, 83, 0.0976563); -webkit-composition-frame-color: rgba(191, 107, 82, 0.496094); \">El Gobernador del Estado, Rolando Zapata Bello, presenci\u00f3 el \u00faltimo partido de dicho torneo disputado entre la representaci\u00f3n tica y la escuadra de Uruguay, equipos que durante el tiempo regular y los minutos extra aguantaron un marcador empatado en el que se destacaron las atajadas de los porteros.<\/div>\n<div style=\"font-family: Noteworthy; font-size: 20px; font-weight: bold; line-height: 26px; -webkit-tap-highlight-color: rgba(26, 26, 26, 0.296875); -webkit-composition-fill-color: rgba(130, 98, 83, 0.0976563); -webkit-composition-frame-color: rgba(191, 107, 82, 0.496094); \">Previo al encuentro realizado en la cancha de f\u00fatbol del Cereso meridano, las selecciones finalistas, de manera respetuosa, participaron en la ceremonia de los himnos de ambas naciones, la cual fue id\u00e9ntica a la que se han realizado en los partidos del actual Mundial.<\/div>\n<div style=\"font-family: Noteworthy; font-size: 20px; font-weight: bold; line-height: 26px; -webkit-tap-highlight-color: rgba(26, 26, 26, 0.296875); -webkit-composition-fill-color: rgba(130, 98, 83, 0.0976563); -webkit-composition-frame-color: rgba(191, 107, 82, 0.496094); \">La jornada inici\u00f3 con un ataque de ida y vuelta en la cancha, hasta que los ticos lograron tomar control del partido y realizaron importantes disparos a gol que en varias ocasiones fueron rechazados por el guardameta equipo de Uruguay, V\u00edctor Ben\u00edtez, o se fueron a los costados de los postes.<\/div>\n<div style=\"font-family: Noteworthy; font-size: 20px; font-weight: bold; line-height: 26px; -webkit-tap-highlight-color: rgba(26, 26, 26, 0.296875); -webkit-composition-fill-color: rgba(130, 98, 83, 0.0976563); -webkit-composition-frame-color: rgba(191, 107, 82, 0.496094); \">Por momentos, el equipo sudamericano lograba recuperar el bal\u00f3n en la media cancha e intentaba abrir el marcador, pero la defensa rival se posicionaba a tiempo para evitar las anotaciones, hecho en el que tambi\u00e9n colabor\u00f3 con sendos desv\u00edos el portero \u00c1ngel Morales.<\/div>\n<div style=\"font-family: Noteworthy; font-size: 20px; font-weight: bold; line-height: 26px; -webkit-tap-highlight-color: rgba(26, 26, 26, 0.296875); -webkit-composition-fill-color: rgba(130, 98, 83, 0.0976563); -webkit-composition-frame-color: rgba(191, 107, 82, 0.496094); \">Alrededor de la cancha donde jugaron los 32 conjuntos bajo un esquema id\u00e9ntico al que se desarrolla en las Copas del Mundo de la FIFA, internos y sus familiares tambi\u00e9n compet\u00edan con gritos de porras y aplausos tras jugadas de peligro o las que evitaban las anotaciones.<\/div>\n<div style=\"font-family: Noteworthy; font-size: 20px; font-weight: bold; line-height: 26px; -webkit-tap-highlight-color: rgba(26, 26, 26, 0.296875); -webkit-composition-fill-color: rgba(130, 98, 83, 0.0976563); -webkit-composition-frame-color: rgba(191, 107, 82, 0.496094); \">Tras concluir los dos tiempos reglamentarios en los que se anul\u00f3 un gol a Costa Rica por fuera de lugar, los finalistas disputaron el primer tiempo extra que registr\u00f3 las dos \u00fanicas anotaciones antes de los penales. Al minuto dos, el jugador de Uruguay Jorge Puc Uc puso arriba a su equipo con un ca\u00f1onazo, y seis minutos despu\u00e9s, su rival Edwin Ak\u00e9 Chan emparej\u00f3 el resultado.<\/div>\n<div style=\"font-family: Noteworthy; font-size: 20px; font-weight: bold; line-height: 26px; -webkit-tap-highlight-color: rgba(26, 26, 26, 0.296875); -webkit-composition-fill-color: rgba(130, 98, 83, 0.0976563); -webkit-composition-frame-color: rgba(191, 107, 82, 0.496094); \">Con el marcador empatado a uno y algunas atajadas en el segundo tiempo extra realizadas por ambos porteros, las escuadras se fueron a la tanda de penales que en un principio favoreci\u00f3 a Uruguay, pero al final la certeza de la selecci\u00f3n tica se combin\u00f3 con una atajada del portero y lograron el campeonato en el Mundialito del Cereso que se disputa, cada cuatro a\u00f1os, desde el 2006.<\/div>\n<div style=\"font-family: Noteworthy; font-size: 20px; font-weight: bold; line-height: 26px; -webkit-tap-highlight-color: rgba(26, 26, 26, 0.296875); -webkit-composition-fill-color: rgba(130, 98, 83, 0.0976563); -webkit-composition-frame-color: rgba(191, 107, 82, 0.496094); \">Al terminar el partido, el titular del Poder Ejecutivo encabez\u00f3 una emotiva ceremonia de premiaci\u00f3n donde entreg\u00f3 medallas a los tres primeros lugares y un trofeo similar al de la FIFA a los participantes que representaron al pa\u00eds de Costa Rica. El tercer lugar fue para el combinado de Argelia que venci\u00f3 dos a cero a Corea del Sur.<\/div>\n<div style=\"font-family: Noteworthy; font-size: 20px; font-weight: bold; line-height: 26px; -webkit-tap-highlight-color: rgba(26, 26, 26, 0.296875); -webkit-composition-fill-color: rgba(130, 98, 83, 0.0976563); -webkit-composition-frame-color: rgba(191, 107, 82, 0.496094); \">Previo al arranque del torneo, el Gobierno del Estado entreg\u00f3 640 uniformes para los jugadores y \u00e1rbitros. En esta edici\u00f3n la mascota fue un ave llamada \u201cCau-tivo\u201d.<\/div>\n<div style=\"font-family: Noteworthy; font-size: 20px; font-weight: bold; line-height: 26px; -webkit-tap-highlight-color: rgba(26, 26, 26, 0.296875); -webkit-composition-fill-color: rgba(130, 98, 83, 0.0976563); -webkit-composition-frame-color: rgba(191, 107, 82, 0.496094); \">A la gran final tambi\u00e9n asistieron el secretario General de Gobierno, V\u00edctor Caballero Dur\u00e1n, y el diputado federal, Mauricio Sahu\u00ed Rivero; as\u00ed como los directores General del Instituto del Deporte de Yucat\u00e1n (IDEY), Juan Sosa Puerto, y del Cereso de M\u00e9rida, Francisco Brito Herrera.<\/p>\n<div class=\"separator\" style=\"clear: both;\"><a href=\"https:\/\/lh4.googleusercontent.com\/-wwVQo3SjTpw\/U7-CtF_48-I\/AAAAAAAAiCU\/vgewimgS6jQ\/s640\/blogger-image--676764328.jpg\" imageanchor=\"1\" style=\"margin-left: 1em; margin-right: 1em;\"><img decoding=\"async\" border=\"0\" src=\"https:\/\/lh4.googleusercontent.com\/-wwVQo3SjTpw\/U7-CtF_48-I\/AAAAAAAAiCU\/vgewimgS6jQ\/s640\/blogger-image--676764328.jpg\"><\/a><\/div>\n<\/div>\n","protected":false},"excerpt":{"rendered":"<p>M\u00e9rida, Yucat\u00e1n, 10 de julio de 2014.- Con una emocionante final definida en tiros penales que favoreci\u00f3 a la selecci\u00f3n de Costa Rica, con un resultado de cuatro goles a<\/p>\n","protected":false},"author":1,"featured_media":15973,"comment_status":"open","ping_status":"open","sticky":false,"template":"","format":"standard","meta":{"jetpack_post_was_ever_published":false,"_jetpack_newsletter_access":"","_jetpack_dont_email_post_to_subs":false,"_jetpack_newsletter_tier_id":0,"_jetpack_memberships_contains_paywalled_content":false,"_jetpack_memberships_contains_paid_content":false,"footnotes":"","jetpack_publicize_message":"","jetpack_publicize_feature_enabled":true,"jetpack_social_post_already_shared":false,"jetpack_social_options":{"image_generator_settings":{"template":"highway","default_image_id":0,"font":"","enabled":false},"version":2}},"categories":[4,1],"tags":[],"class_list":["post-2931","post","type-post","status-publish","format-standard","has-post-thumbnail","hentry","category-deportes","category-sin-categoria"],"jetpack_publicize_connections":[],"jetpack_featured_media_url":"https:\/\/formalprision.com\/wp-content\/uploads\/2014\/07\/blogger-image-676764328.jpg","jetpack_sharing_enabled":true,"jetpack_shortlink":"https:\/\/wp.me\/p6id8p-Lh","_links":{"self":[{"href":"https:\/\/formalprision.com\/index.php?rest_route=\/wp\/v2\/posts\/2931","targetHints":{"allow":["GET"]}}],"collection":[{"href":"https:\/\/formalprision.com\/index.php?rest_route=\/wp\/v2\/posts"}],"about":[{"href":"https:\/\/formalprision.com\/index.php?rest_route=\/wp\/v2\/types\/post"}],"author":[{"embeddable":true,"href":"https:\/\/formalprision.com\/index.php?rest_route=\/wp\/v2\/users\/1"}],"replies":[{"embeddable":true,"href":"https:\/\/formalprision.com\/index.php?rest_route=%2Fwp%2Fv2%2Fcomments&post=2931"}],"version-history":[{"count":0,"href":"https:\/\/formalprision.com\/index.php?rest_route=\/wp\/v2\/posts\/2931\/revisions"}],"wp:featuredmedia":[{"embeddable":true,"href":"https:\/\/formalprision.com\/index.php?rest_route=\/wp\/v2\/media\/15973"}],"wp:attachment":[{"href":"https:\/\/formalprision.com\/index.php?rest_route=%2Fwp%2Fv2%2Fmedia&parent=2931"}],"wp:term":[{"taxonomy":"category","embeddable":true,"href":"https:\/\/formalprision.com\/index.php?rest_route=%2Fwp%2Fv2%2Fcategories&post=2931"},{"taxonomy":"post_tag","embeddable":true,"href":"https:\/\/formalprision.com\/index.php?rest_route=%2Fwp%2Fv2%2Ftags&post=2931"}],"curies":[{"name":"wp","href":"https:\/\/api.w.org\/{rel}","templated":true}]}}