{"id":2938,"date":"2014-07-07T19:46:00","date_gmt":"2014-07-07T19:46:00","guid":{"rendered":"http:\/\/formalprision.info\/2014\/07\/07\/violador-se-escapa-del-cereso-por\/"},"modified":"2015-06-03T08:36:58","modified_gmt":"2015-06-03T08:36:58","slug":"violador-se-escapa-del-cereso-por","status":"publish","type":"post","link":"https:\/\/formalprision.com\/?p=2938","title":{"rendered":"Violador se escapa del Cereso por tercera ocasi\u00f3n"},"content":{"rendered":"<div style=\"font-family: Noteworthy; font-size: 20px; font-weight: bold; line-height: 26px; -webkit-tap-highlight-color: rgba(26, 26, 26, 0.296875); -webkit-composition-fill-color: rgba(130, 98, 83, 0.0976563); -webkit-composition-frame-color: rgba(191, 107, 82, 0.496094); \">En un hecho ins\u00f3lito, un reo se fug\u00f3 de la c\u00e1rcel por tercera ocasi\u00f3n en menos de a\u00f1o y medio.<\/div>\n<div style=\"font-family: Noteworthy; font-size: 20px; font-weight: bold; line-height: 26px; -webkit-tap-highlight-color: rgba(26, 26, 26, 0.296875); -webkit-composition-fill-color: rgba(130, 98, 83, 0.0976563); -webkit-composition-frame-color: rgba(191, 107, 82, 0.496094); \">Lo m\u00e1s extraordinario del caso no solo han sido las fugas, sino que dos de ellas las concret\u00f3 exactamente con un a\u00f1o de diferencia, el 4 de julio, cuando los Estados Unidos celebran su independencia, aunque el preso no tiene nada que ver con ese pa\u00eds.<\/div>\n<div style=\"font-family: Noteworthy; font-size: 20px; font-weight: bold; line-height: 26px; -webkit-tap-highlight-color: rgba(26, 26, 26, 0.296875); -webkit-composition-fill-color: rgba(130, 98, 83, 0.0976563); -webkit-composition-frame-color: rgba(191, 107, 82, 0.496094); \">El protagonista de esta historia peculiar es Jos\u00e9 Luis Rodr\u00edguez Trejo, quien purgaba una condena por violaci\u00f3n en Chetumal.<\/div>\n<div style=\"font-family: Noteworthy; font-size: 20px; font-weight: bold; line-height: 26px; -webkit-tap-highlight-color: rgba(26, 26, 26, 0.296875); -webkit-composition-fill-color: rgba(130, 98, 83, 0.0976563); -webkit-composition-frame-color: rgba(191, 107, 82, 0.496094); \">Es buscado en territorio yucateco porque dijo que es del Estado y que hace a\u00f1os vivi\u00f3 en M\u00e9rida, por lo que se sospecha que pudo haber viajado a Yucat\u00e1n para esconderese o seguir su camino a otro lugar<\/div>\n<div style=\"font-family: Noteworthy; font-size: 20px; font-weight: bold; line-height: 26px; -webkit-tap-highlight-color: rgba(26, 26, 26, 0.296875); -webkit-composition-fill-color: rgba(130, 98, 83, 0.0976563); -webkit-composition-frame-color: rgba(191, 107, 82, 0.496094); \">Els e fug\u00f3 el 4 de julio pasado del Cereso de Chetumal, exactamente a &nbsp;un a\u00f1o de la misma haza\u00f1a, pero de la c\u00e1rcel municipal de Canc\u00fan.<\/div>\n<div style=\"font-family: Noteworthy; font-size: 20px; font-weight: bold; line-height: 26px; -webkit-tap-highlight-color: rgba(26, 26, 26, 0.296875); -webkit-composition-fill-color: rgba(130, 98, 83, 0.0976563); -webkit-composition-frame-color: rgba(191, 107, 82, 0.496094); \">Esta fue la tercera fuga desde su captura el 2 de abril de 2013.&nbsp;<\/div>\n<div style=\"font-family: Noteworthy; font-size: 20px; font-weight: bold; line-height: 26px; -webkit-tap-highlight-color: rgba(26, 26, 26, 0.296875); -webkit-composition-fill-color: rgba(130, 98, 83, 0.0976563); -webkit-composition-frame-color: rgba(191, 107, 82, 0.496094); \">Nadie sabe hasta ahora si las fugas en la misma fecha son una casualidad o si el recluso lo hizo para burlarse de las autoridades, quienes hasta el momento ignoran su paradero.<\/div>\n<div style=\"font-family: Noteworthy; font-size: 20px; font-weight: bold; line-height: 26px; -webkit-tap-highlight-color: rgba(26, 26, 26, 0.296875); -webkit-composition-fill-color: rgba(130, 98, 83, 0.0976563); -webkit-composition-frame-color: rgba(191, 107, 82, 0.496094); \">Las autoridades de Quintana Roo no descartan que haya recibido ayuda del interior del penal.<\/div>\n<div style=\"font-family: Noteworthy; font-size: 20px; font-weight: bold; line-height: 26px; -webkit-tap-highlight-color: rgba(26, 26, 26, 0.296875); -webkit-composition-fill-color: rgba(130, 98, 83, 0.0976563); -webkit-composition-frame-color: rgba(191, 107, 82, 0.496094); \">De acuerdo con el encargado de despacho de la Secretar\u00eda de Seguridad P\u00fablica de Quintana Roo, Juan Pedro Mercader Rodr\u00edguez, aparentemente el reo salt\u00f3 la barda perimetral de cuatro metros de altura.<\/div>\n<div style=\"font-family: Noteworthy; font-size: 20px; font-weight: bold; line-height: 26px; -webkit-tap-highlight-color: rgba(26, 26, 26, 0.296875); -webkit-composition-fill-color: rgba(130, 98, 83, 0.0976563); -webkit-composition-frame-color: rgba(191, 107, 82, 0.496094); \">Precis\u00f3 que la Procuradur\u00eda General de Justicia del Estado (PGJE) realiza las investigaciones correspondientes en el interior del penal, para deslindar responsabilidades contra el personal que por descuido o complicidad permiti\u00f3 la evasi\u00f3n del reo.<\/div>\n<div style=\"font-family: Noteworthy; font-size: 20px; font-weight: bold; line-height: 26px; -webkit-tap-highlight-color: rgba(26, 26, 26, 0.296875); -webkit-composition-fill-color: rgba(130, 98, 83, 0.0976563); -webkit-composition-frame-color: rgba(191, 107, 82, 0.496094); \">Jos\u00e9 Luis Rodr\u00edguez Trejo fue detenido el 2 de abril de 2013 acusado del delito de violaci\u00f3n e ingresado a la c\u00e1rcel de Canc\u00fan.<\/div>\n<div style=\"font-family: Noteworthy; font-size: 20px; font-weight: bold; line-height: 26px; -webkit-tap-highlight-color: rgba(26, 26, 26, 0.296875); -webkit-composition-fill-color: rgba(130, 98, 83, 0.0976563); -webkit-composition-frame-color: rgba(191, 107, 82, 0.496094); \">Sin embargo, se dio a la fuga por la ventana de un ba\u00f1o y fue aprehendido a los dos d\u00edas y trasladado de vuelta a ese inmueble.<\/div>\n<div style=\"font-family: Noteworthy; font-size: 20px; font-weight: bold; line-height: 26px; -webkit-tap-highlight-color: rgba(26, 26, 26, 0.296875); -webkit-composition-fill-color: rgba(130, 98, 83, 0.0976563); -webkit-composition-frame-color: rgba(191, 107, 82, 0.496094); \">Entonces, el 4 de julio de 2013, &nbsp;se escap\u00f3 y fue recapturado a principios del mes de agosto,.<\/div>\n<div style=\"font-family: Noteworthy; font-size: 20px; font-weight: bold; line-height: 26px; -webkit-tap-highlight-color: rgba(26, 26, 26, 0.296875); -webkit-composition-fill-color: rgba(130, 98, 83, 0.0976563); -webkit-composition-frame-color: rgba(191, 107, 82, 0.496094); \">A finales de ese a\u00f1o fue trasladado al Cereso de Chetumal para evitar otra haza\u00f1a, pero ahora nuevamente escap\u00f3 y nadie saba nada de \u00e9l.<\/p>\n<div class=\"separator\" style=\"clear: both;\"><a href=\"https:\/\/lh3.googleusercontent.com\/-e9XHTW64Azg\/U7r5HJZMIoI\/AAAAAAAAiAw\/8yRxgOm2HAU\/s640\/blogger-image--1021885020.jpg\" imageanchor=\"1\" style=\"margin-left: 1em; margin-right: 1em;\"><img decoding=\"async\" border=\"0\" src=\"https:\/\/lh3.googleusercontent.com\/-e9XHTW64Azg\/U7r5HJZMIoI\/AAAAAAAAiAw\/8yRxgOm2HAU\/s640\/blogger-image--1021885020.jpg\"><\/a><\/div>\n<\/div>\n<div style=\"font-family: Noteworthy; font-size: 20px; font-weight: bold; line-height: 26px; -webkit-tap-highlight-color: rgba(26, 26, 26, 0.296875); -webkit-composition-fill-color: rgba(130, 98, 83, 0.0976563); -webkit-composition-frame-color: rgba(191, 107, 82, 0.496094); \">&nbsp;<\/div>\n","protected":false},"excerpt":{"rendered":"<p>En un hecho ins\u00f3lito, un reo se fug\u00f3 de la c\u00e1rcel por tercera ocasi\u00f3n en menos de a\u00f1o y medio. Lo m\u00e1s extraordinario del caso no solo han sido las<\/p>\n","protected":false},"author":1,"featured_media":15987,"comment_status":"open","ping_status":"open","sticky":false,"template":"","format":"standard","meta":{"jetpack_post_was_ever_published":false,"_jetpack_newsletter_access":"","_jetpack_dont_email_post_to_subs":false,"_jetpack_newsletter_tier_id":0,"_jetpack_memberships_contains_paywalled_content":false,"_jetpack_memberships_contains_paid_content":false,"footnotes":"","jetpack_publicize_message":"","jetpack_publicize_feature_enabled":true,"jetpack_social_post_already_shared":false,"jetpack_social_options":{"image_generator_settings":{"template":"highway","default_image_id":0,"font":"","enabled":false},"version":2}},"categories":[7,3,1],"tags":[],"class_list":["post-2938","post","type-post","status-publish","format-standard","has-post-thumbnail","hentry","category-breves","category-portada","category-sin-categoria"],"jetpack_publicize_connections":[],"jetpack_featured_media_url":"https:\/\/formalprision.com\/wp-content\/uploads\/2014\/07\/blogger-image-1021885020.jpg","jetpack_sharing_enabled":true,"jetpack_shortlink":"https:\/\/wp.me\/p6id8p-Lo","_links":{"self":[{"href":"https:\/\/formalprision.com\/index.php?rest_route=\/wp\/v2\/posts\/2938","targetHints":{"allow":["GET"]}}],"collection":[{"href":"https:\/\/formalprision.com\/index.php?rest_route=\/wp\/v2\/posts"}],"about":[{"href":"https:\/\/formalprision.com\/index.php?rest_route=\/wp\/v2\/types\/post"}],"author":[{"embeddable":true,"href":"https:\/\/formalprision.com\/index.php?rest_route=\/wp\/v2\/users\/1"}],"replies":[{"embeddable":true,"href":"https:\/\/formalprision.com\/index.php?rest_route=%2Fwp%2Fv2%2Fcomments&post=2938"}],"version-history":[{"count":0,"href":"https:\/\/formalprision.com\/index.php?rest_route=\/wp\/v2\/posts\/2938\/revisions"}],"wp:featuredmedia":[{"embeddable":true,"href":"https:\/\/formalprision.com\/index.php?rest_route=\/wp\/v2\/media\/15987"}],"wp:attachment":[{"href":"https:\/\/formalprision.com\/index.php?rest_route=%2Fwp%2Fv2%2Fmedia&parent=2938"}],"wp:term":[{"taxonomy":"category","embeddable":true,"href":"https:\/\/formalprision.com\/index.php?rest_route=%2Fwp%2Fv2%2Fcategories&post=2938"},{"taxonomy":"post_tag","embeddable":true,"href":"https:\/\/formalprision.com\/index.php?rest_route=%2Fwp%2Fv2%2Ftags&post=2938"}],"curies":[{"name":"wp","href":"https:\/\/api.w.org\/{rel}","templated":true}]}}