{"id":2941,"date":"2014-07-07T19:36:00","date_gmt":"2014-07-07T19:36:00","guid":{"rendered":"http:\/\/formalprision.info\/2014\/07\/07\/presentan-la-banda-de-marcha-muuk-bala\/"},"modified":"2015-06-03T08:36:59","modified_gmt":"2015-06-03T08:36:59","slug":"presentan-la-banda-de-marcha-muuk-bala","status":"publish","type":"post","link":"https:\/\/formalprision.com\/?p=2941","title":{"rendered":"Presentan la banda de marcha Muuk Balam del Cepredey"},"content":{"rendered":"<div style=\"font-family: Noteworthy; font-size: 20px; font-weight: bold; line-height: 26px; -webkit-tap-highlight-color: rgba(26, 26, 26, 0.296875); -webkit-composition-fill-color: rgba(130, 98, 83, 0.0976563); -webkit-composition-frame-color: rgba(191, 107, 82, 0.496094); \">\n<div>Al ritmo de las percusiones e instrumentos de viento, inici\u00f3 su recorrido inicial la banda musical de marcha, Muuk Balam (Fuerza Jaguar), primera conformada por el programa Yucat\u00e1n Suena a Bienestar, que opera el Centro Estatal de Prevenci\u00f3n Social del Delito y Participaci\u00f3n Ciudadana de Yucat\u00e1n (Cepredey).<\/div>\n<div>El secretario General de Gobierno, V\u00edctor Caballero Dur\u00e1n, fue el encargado de entregar la batuta al director de la banda, Jonathan Renter\u00eda Vald\u00e9s, quien coordina a los 87 j\u00f3venes procedentes de ocho secundarias ubicadas en el sur de la Ciudad de M\u00e9rida, integrantes del proyecto social promovido por el Gobierno del Estado.<\/div>\n<div>\u201cLa seguridad tambi\u00e9n es prevenci\u00f3n social: evitar que la gente, sobre todo los j\u00f3venes incurran en conductas negativas. Todas las acciones que desarrolla el Cepredey tienen ese prop\u00f3sito, que los j\u00f3venes demuestren sus talentos, como en la banda que hoy presentamos; porque adem\u00e1s la m\u00fasica hace que el alma se alegre y con este esfuerzo se adquiere disciplina y muchas ganas de salir adelante\u201d, dijo el funcionario.<\/div>\n<div>Muuk Balam comenz\u00f3 sus ensayos en diciembre del a\u00f1o pasado, cuando recibieron los instrumentos musicales donados por el programa, que adem\u00e1s proporciona transporte, instructores y orientaci\u00f3n psicol\u00f3gica. Hoy, por primera vez, tocaron un repertorio de seis canciones en un recorrido que abarc\u00f3 desde el inicio de Paseo Montejo hasta la Plaza Grande, en el centro de la capital yucateca. &nbsp;<\/div>\n<div>En el arranque de la festiva marcha, la representante de los padres de familia, Ana Lilia Romero Carmona, agradeci\u00f3 al Gobierno del Estado el apoyo para estos j\u00f3venes y aplaudi\u00f3 el esfuerzo de los mismos para cumplir con los ensayos, que se realizan de forma extra escolar de lunes a viernes, de 4:00 a 6:30 de la tarde.<\/div>\n<div>\u201cMe es grat\u00f3 a nombre de los chicos, los maestros y los padres de familia, dar gracias al secretario V\u00edctor Caballero Dur\u00e1n por apoyar al programa Yucat\u00e1n Suena a Bienestar, as\u00ed como al se\u00f1or Gobernador del Estado de Yucat\u00e1n, Rolando Zapata Bello, por estar al pendiente de los j\u00f3venes del sur de esta ciudad y darles la oportunidad de pertenecer a este gran proyecto\u201d, expres\u00f3.<\/div>\n<div>La banda musical de marcha ya tiene una invitaci\u00f3n para participar en la apertura de la liga del equipo de f\u00fatbol, Venados de Yucat\u00e1n, y formar\u00e1n parte de diversos eventos oficiales en adelante.<\/div>\n<div>Estuvieron en el inicio del recorrido la directora General del Cepredey, Ver\u00f3nica Camino Farjat; el &nbsp;delegado Federal de la Secretar\u00eda de Gobernaci\u00f3n, Omar Corzo Ol\u00e1n; la presidenta del Patronato de Reinserci\u00f3n Social, Elsa Dom\u00ednguez de Caballero; la directora de la Escuela Superior de Artes de Yucat\u00e1n (ESAY), Beatriz Rodr\u00edguez Guillermo; el director de Educaci\u00f3n Secundaria de la Secretar\u00eda de Educaci\u00f3n del Estado de Yucat\u00e1n (SEGEY), Mario Novelo Ayuso; y &nbsp;la jefa del Departamento de Desarrollo Humano de la SEGEY, Patricia Cabrera Rivero.&nbsp;<\/p>\n<div class=\"separator\" style=\"clear: both;\"><a href=\"https:\/\/lh5.googleusercontent.com\/-oG4ZPnyPaMk\/U7r2u5sLXHI\/AAAAAAAAiAY\/dt5ifKYobLI\/s640\/blogger-image--651953661.jpg\" imageanchor=\"1\" style=\"margin-left: 1em; margin-right: 1em;\"><img decoding=\"async\" border=\"0\" src=\"https:\/\/lh5.googleusercontent.com\/-oG4ZPnyPaMk\/U7r2u5sLXHI\/AAAAAAAAiAY\/dt5ifKYobLI\/s640\/blogger-image--651953661.jpg\"><\/a><\/div>\n<\/div>\n<div><\/div>\n<\/div>\n","protected":false},"excerpt":{"rendered":"<p>Al ritmo de las percusiones e instrumentos de viento, inici\u00f3 su recorrido inicial la banda musical de marcha, Muuk Balam (Fuerza Jaguar), primera conformada por el programa Yucat\u00e1n Suena a<\/p>\n","protected":false},"author":1,"featured_media":15993,"comment_status":"open","ping_status":"open","sticky":false,"template":"","format":"standard","meta":{"jetpack_post_was_ever_published":false,"_jetpack_newsletter_access":"","_jetpack_dont_email_post_to_subs":false,"_jetpack_newsletter_tier_id":0,"_jetpack_memberships_contains_paywalled_content":false,"_jetpack_memberships_contains_paid_content":false,"footnotes":"","jetpack_publicize_message":"","jetpack_publicize_feature_enabled":true,"jetpack_social_post_already_shared":false,"jetpack_social_options":{"image_generator_settings":{"template":"highway","default_image_id":0,"font":"","enabled":false},"version":2}},"categories":[17,1],"tags":[],"class_list":["post-2941","post","type-post","status-publish","format-standard","has-post-thumbnail","hentry","category-politica-y-gobierno","category-sin-categoria"],"jetpack_publicize_connections":[],"jetpack_featured_media_url":"https:\/\/formalprision.com\/wp-content\/uploads\/2014\/07\/blogger-image-651953661.jpg","jetpack_sharing_enabled":true,"jetpack_shortlink":"https:\/\/wp.me\/p6id8p-Lr","_links":{"self":[{"href":"https:\/\/formalprision.com\/index.php?rest_route=\/wp\/v2\/posts\/2941","targetHints":{"allow":["GET"]}}],"collection":[{"href":"https:\/\/formalprision.com\/index.php?rest_route=\/wp\/v2\/posts"}],"about":[{"href":"https:\/\/formalprision.com\/index.php?rest_route=\/wp\/v2\/types\/post"}],"author":[{"embeddable":true,"href":"https:\/\/formalprision.com\/index.php?rest_route=\/wp\/v2\/users\/1"}],"replies":[{"embeddable":true,"href":"https:\/\/formalprision.com\/index.php?rest_route=%2Fwp%2Fv2%2Fcomments&post=2941"}],"version-history":[{"count":0,"href":"https:\/\/formalprision.com\/index.php?rest_route=\/wp\/v2\/posts\/2941\/revisions"}],"wp:featuredmedia":[{"embeddable":true,"href":"https:\/\/formalprision.com\/index.php?rest_route=\/wp\/v2\/media\/15993"}],"wp:attachment":[{"href":"https:\/\/formalprision.com\/index.php?rest_route=%2Fwp%2Fv2%2Fmedia&parent=2941"}],"wp:term":[{"taxonomy":"category","embeddable":true,"href":"https:\/\/formalprision.com\/index.php?rest_route=%2Fwp%2Fv2%2Fcategories&post=2941"},{"taxonomy":"post_tag","embeddable":true,"href":"https:\/\/formalprision.com\/index.php?rest_route=%2Fwp%2Fv2%2Ftags&post=2941"}],"curies":[{"name":"wp","href":"https:\/\/api.w.org\/{rel}","templated":true}]}}