{"id":2943,"date":"2014-07-05T06:05:00","date_gmt":"2014-07-05T06:05:00","guid":{"rendered":"http:\/\/formalprision.info\/2014\/07\/05\/neymar-fuera-del-mundial-brasil-2014\/"},"modified":"2015-06-03T08:36:59","modified_gmt":"2015-06-03T08:36:59","slug":"neymar-fuera-del-mundial-brasil-2014","status":"publish","type":"post","link":"https:\/\/formalprision.com\/?p=2943","title":{"rendered":"Neymar, fuera del Mundial Brasil 2014"},"content":{"rendered":"<div style=\"font-family: Noteworthy; font-size: 20px; font-weight: bold; line-height: 26px; -webkit-tap-highlight-color: rgba(26, 26, 26, 0.296875); -webkit-composition-fill-color: rgba(130, 98, 83, 0.0976563); -webkit-composition-frame-color: rgba(191, 107, 82, 0.496094); \">Fortaleza (Brasil), 4 jul (dpa\/EFE) \u2013 El delantero brasile\u00f1o Neymar fue trasladado a una cl\u00ednica por una fractura de la tercera v\u00e9rtebra lumbar &nbsp;tras un golpe que recibi\u00f3 hoy en la espalda en la victoria por 2-1 ante Colombia y ser\u00e1 dado de baja en la semifinal con Alemania en el Mundial de futbol, advirti\u00f3 hoy el t\u00e9cnico Luis Felipe Scolari.&nbsp;<\/div>\n<div style=\"font-family: Noteworthy; font-size: 20px; font-weight: bold; line-height: 26px; -webkit-tap-highlight-color: rgba(26, 26, 26, 0.296875); -webkit-composition-fill-color: rgba(130, 98, 83, 0.0976563); -webkit-composition-frame-color: rgba(191, 107, 82, 0.496094); \">El brasile\u00f1o necesitar\u00e1 de cuatro a seis semanas de recuperaci\u00f3n. \u201cComo lo veo ahora, me parece dif\u00edcil que juegue\u201d, se\u00f1al\u00f3 el entrenador.<\/div>\n<div style=\"font-family: Noteworthy; font-size: 20px; font-weight: bold; line-height: 26px; -webkit-tap-highlight-color: rgba(26, 26, 26, 0.296875); -webkit-composition-fill-color: rgba(130, 98, 83, 0.0976563); -webkit-composition-frame-color: rgba(191, 107, 82, 0.496094); \">&nbsp;\u201cLloraba de dolor. Puedo garantizar que no ser\u00e1 f\u00e1cil la recuperaci\u00f3n, tomando en cuenta lo que nos dijo el m\u00e9dico\u201d.<\/div>\n<div style=\"font-family: Noteworthy; font-size: 20px; font-weight: bold; line-height: 26px; -webkit-tap-highlight-color: rgba(26, 26, 26, 0.296875); -webkit-composition-fill-color: rgba(130, 98, 83, 0.0976563); -webkit-composition-frame-color: rgba(191, 107, 82, 0.496094); \">&nbsp;Neymar recibi\u00f3 un rodillazo en la espalda por parte del colombiano Juan Z\u00fa\u00f1iga en el minuto 86. Tras el golpe, el brasile\u00f1o cay\u00f3 al c\u00e9sped y fue llevado en camilla, llorando de dolor, hasta los vestuarios.&nbsp;<\/div>\n<div style=\"font-family: Noteworthy; font-size: 20px; font-weight: bold; line-height: 26px; -webkit-tap-highlight-color: rgba(26, 26, 26, 0.296875); -webkit-composition-fill-color: rgba(130, 98, 83, 0.0976563); -webkit-composition-frame-color: rgba(191, 107, 82, 0.496094); \">Seg\u00fan \u201cFelipao\u201d, Neymar primero fue conducido a la cl\u00ednica del estadio y despu\u00e9s a otro hospital, donde ser\u00e1 sometido a una serie de ex\u00e1menes.&nbsp;<\/div>\n<div style=\"font-family: Noteworthy; font-size: 20px; font-weight: bold; line-height: 26px; -webkit-tap-highlight-color: rgba(26, 26, 26, 0.296875); -webkit-composition-fill-color: rgba(130, 98, 83, 0.0976563); -webkit-composition-frame-color: rgba(191, 107, 82, 0.496094); \">\u201cPor lo que el m\u00e9dico nos dijo, por el dolor que siente, y siendo en la columna vertebral\u2026 vamos a ver qu\u00e9 pasa\u201d, alert\u00f3 con preocupaci\u00f3n el t\u00e9cnico.&nbsp;<\/div>\n<div style=\"font-family: Noteworthy; font-size: 20px; font-weight: bold; line-height: 26px; -webkit-tap-highlight-color: rgba(26, 26, 26, 0.296875); -webkit-composition-fill-color: rgba(130, 98, 83, 0.0976563); -webkit-composition-frame-color: rgba(191, 107, 82, 0.496094); \">Tambi\u00e9n Maicon, compa\u00f1ero de selecci\u00f3n de Neymar, se mostr\u00f3 consternado por el golpe de la estrella del Barcelona. \u201cEsperamos que no sea nada grave y que pueda jugar el martes\u201d, confi\u00f3 Maicon, que revel\u00f3 que en la cl\u00ednica estaban tomando radiograf\u00edas a su compa\u00f1ero.&nbsp;<\/div>\n<div style=\"font-family: Noteworthy; font-size: 20px; font-weight: bold; line-height: 26px; -webkit-tap-highlight-color: rgba(26, 26, 26, 0.296875); -webkit-composition-fill-color: rgba(130, 98, 83, 0.0976563); -webkit-composition-frame-color: rgba(191, 107, 82, 0.496094); \">Por su parte, el lateral colombiano Camilo Z\u00fa\u00f1iga, que lesion\u00f3 con un rodillazo en la espalda al brasile\u00f1o Neymar, asegur\u00f3 que \u201cnunca\u201d tuvo la intenci\u00f3n de hacerle \u201cmal\u201d. \u201cNunca tuve la intenci\u00f3n de causar mal al jugador.&nbsp;<\/div>\n<div style=\"font-family: Noteworthy; font-size: 20px; font-weight: bold; line-height: 26px; -webkit-tap-highlight-color: rgba(26, 26, 26, 0.296875); -webkit-composition-fill-color: rgba(130, 98, 83, 0.0976563); -webkit-composition-frame-color: rgba(191, 107, 82, 0.496094); \">Dentro del campo, tenemos que jugar con firmeza, pero nunca con la intenci\u00f3n de lesionar a un jugador\u201d, dijo a los periodistas el lateral del N\u00e1poles italiano cuando conoci\u00f3 que hab\u00eda provocado al astro del Barcelona una fractura en la tercera v\u00e9rtebra lumbar en el minuto 86, cuando Brasil ganaba a Colombia por 2-1. \u201cQuer\u00edamos marcar (gol), estaba un partido fuerte. Brasil estaba entrando fuerte. Espero que no sea nada grave, vamos a pedirle a Dios. \u00c9l es un gran talento para Brasil y para el mundo\u201d, puntualiz\u00f3. (SINEMBARGO.MX)<\/p>\n<div class=\"separator\" style=\"clear: both;\"><a href=\"https:\/\/lh4.googleusercontent.com\/-goDkqdOzSLo\/U7eVs7kBgKI\/AAAAAAAAh_0\/eN6j4uVniW4\/s640\/blogger-image-1954966281.jpg\" imageanchor=\"1\" style=\"margin-left: 1em; margin-right: 1em;\"><img decoding=\"async\" border=\"0\" src=\"https:\/\/lh4.googleusercontent.com\/-goDkqdOzSLo\/U7eVs7kBgKI\/AAAAAAAAh_0\/eN6j4uVniW4\/s640\/blogger-image-1954966281.jpg\"><\/a><\/div>\n<\/div>\n","protected":false},"excerpt":{"rendered":"<p>Fortaleza (Brasil), 4 jul (dpa\/EFE) \u2013 El delantero brasile\u00f1o Neymar fue trasladado a una cl\u00ednica por una fractura de la tercera v\u00e9rtebra lumbar &nbsp;tras un golpe que recibi\u00f3 hoy en<\/p>\n","protected":false},"author":1,"featured_media":15997,"comment_status":"open","ping_status":"open","sticky":false,"template":"","format":"standard","meta":{"jetpack_post_was_ever_published":false,"_jetpack_newsletter_access":"","_jetpack_dont_email_post_to_subs":false,"_jetpack_newsletter_tier_id":0,"_jetpack_memberships_contains_paywalled_content":false,"_jetpack_memberships_contains_paid_content":false,"footnotes":"","jetpack_publicize_message":"","jetpack_publicize_feature_enabled":true,"jetpack_social_post_already_shared":false,"jetpack_social_options":{"image_generator_settings":{"template":"highway","default_image_id":0,"font":"","enabled":false},"version":2}},"categories":[4,1],"tags":[],"class_list":["post-2943","post","type-post","status-publish","format-standard","has-post-thumbnail","hentry","category-deportes","category-sin-categoria"],"jetpack_publicize_connections":[],"jetpack_featured_media_url":"https:\/\/formalprision.com\/wp-content\/uploads\/2014\/07\/blogger-image-1954966281.jpg","jetpack_sharing_enabled":true,"jetpack_shortlink":"https:\/\/wp.me\/p6id8p-Lt","_links":{"self":[{"href":"https:\/\/formalprision.com\/index.php?rest_route=\/wp\/v2\/posts\/2943","targetHints":{"allow":["GET"]}}],"collection":[{"href":"https:\/\/formalprision.com\/index.php?rest_route=\/wp\/v2\/posts"}],"about":[{"href":"https:\/\/formalprision.com\/index.php?rest_route=\/wp\/v2\/types\/post"}],"author":[{"embeddable":true,"href":"https:\/\/formalprision.com\/index.php?rest_route=\/wp\/v2\/users\/1"}],"replies":[{"embeddable":true,"href":"https:\/\/formalprision.com\/index.php?rest_route=%2Fwp%2Fv2%2Fcomments&post=2943"}],"version-history":[{"count":0,"href":"https:\/\/formalprision.com\/index.php?rest_route=\/wp\/v2\/posts\/2943\/revisions"}],"wp:featuredmedia":[{"embeddable":true,"href":"https:\/\/formalprision.com\/index.php?rest_route=\/wp\/v2\/media\/15997"}],"wp:attachment":[{"href":"https:\/\/formalprision.com\/index.php?rest_route=%2Fwp%2Fv2%2Fmedia&parent=2943"}],"wp:term":[{"taxonomy":"category","embeddable":true,"href":"https:\/\/formalprision.com\/index.php?rest_route=%2Fwp%2Fv2%2Fcategories&post=2943"},{"taxonomy":"post_tag","embeddable":true,"href":"https:\/\/formalprision.com\/index.php?rest_route=%2Fwp%2Fv2%2Ftags&post=2943"}],"curies":[{"name":"wp","href":"https:\/\/api.w.org\/{rel}","templated":true}]}}