{"id":2946,"date":"2014-07-04T20:49:00","date_gmt":"2014-07-04T20:49:00","guid":{"rendered":"http:\/\/formalprision.info\/2014\/07\/04\/preparan-estudiantes-de-derecho-para\/"},"modified":"2015-06-03T08:36:59","modified_gmt":"2015-06-03T08:36:59","slug":"preparan-estudiantes-de-derecho-para","status":"publish","type":"post","link":"https:\/\/formalprision.com\/?p=2946","title":{"rendered":"Preparan a estudiantes de Derecho para aplicar nuevo Sistema de\nJusticia Penal"},"content":{"rendered":"<div style=\"font-family: Noteworthy; font-size: 20px; font-weight: bold; line-height: 26px; -webkit-tap-highlight-color: rgba(26, 26, 26, 0.296875); -webkit-composition-fill-color: rgba(130, 98, 83, 0.0976563); -webkit-composition-frame-color: rgba(191, 107, 82, 0.496094); \">\n<div>M\u00e9rida, Yucat\u00e1n, 4 de julio de 2014.- Estudiantes de la Facultad de Derecho de la Universidad Aut\u00f3noma de Yucat\u00e1n (UADY) podr\u00e1n desarrollar las habilidades y competencias que requiere el nuevo Sistema de Justicia Penal, tras la inauguraci\u00f3n del Centro de Mediaci\u00f3n y Juicios Orales \u201cBenito Ju\u00e1rez Garc\u00eda\u201d, ubicado al interior de dicha instituci\u00f3n.<\/div>\n<div>En el evento realizado en la Facultad, ubicada en el Campus de Ciencias Sociales, Econ\u00f3mico-Administrativas y Humanidades de la UADY, el Gobernador Rolando Zapata Bello puso en funcionamiento este espacio, adem\u00e1s del Sal\u00f3n de Usos M\u00faltiples \u201cJos\u00e9 Mar\u00eda Pino Su\u00e1rez\u201d, obras en las que se ejercieron m\u00e1s de ocho millones de pesos.<\/div>\n<div>Acompa\u00f1ado por el rector de la m\u00e1xima casa de estudios, Alfredo D\u00e1jer Abimerhi, el titular del Poder Ejecutivo destac\u00f3 que la consolidaci\u00f3n de la infraestructura educativa de calidad, como este Centro de Mediaci\u00f3n y Juicios Orales, permitir\u00e1 a los alumnos poner en pr\u00e1ctica la teor\u00eda.<\/div>\n<div>\u201cPor ello estas instalaciones que hoy se ponen en marcha en la UADY van en la direcci\u00f3n correcta. En la ruta que abona a reforzar la infraestructura que se requiere y a mejorar la capacitaci\u00f3n del activo humano, de los hombres y mujeres que dan viabilidad a la procuraci\u00f3n e impartici\u00f3n de justicia de nuestra tierra\u201d, subray\u00f3.<\/div>\n<div>Acompa\u00f1ado del presidente del Tribunal Superior de Justicia de Yucat\u00e1n, Marcos Celis Quintal, resalt\u00f3 que en el territorio la implementaci\u00f3n del modelo est\u00e1 bien definida pues se trabaja con un adecuado marco normativo, transformando a las instituciones para responder a las necesidades del nuevo proceso.<\/div>\n<div>A su vez se construyen espacios para dar cumplimiento a los principios constitucionales de publicidad, contradicci\u00f3n, inmediatez y oralidad, y para instrumentar los mecanismos de continua capacitaci\u00f3n del recurso humano.<\/div>\n<div>En su turno al hablar, el director de la Facultad de Derecho, Jos\u00e9 Luis Vargas Aguilar, asegur\u00f3 que el sistema oral exige dar la cara a la audiencia, por ello es necesario que las instituciones est\u00e9n en la disposici\u00f3n de enfrentar los retos que impone la nueva realidad pol\u00edtica, jur\u00eddica y econ\u00f3mica de nuestros tiempos.<\/div>\n<div>\u201cYa no hay cabida para la mediocridad en la ciencia jur\u00eddica. Ahora se requiere una formaci\u00f3n integral del alumno en aras de conocer las garant\u00edas a la letra y recordarlas casi de memoria para solicitar su aplicaci\u00f3n al caso concreto. La trasparencia ocupa sin duda un lugar prioritario porque otorga claridad en la actuaci\u00f3n de las partes en el proceso, la cual es grabada para la posteridad\u201d, enfatiz\u00f3.<\/div>\n<div>El nuevo Centro consta de espacios constituidos por dos salas de oralidad, una de juicios penales y otra de procedimientos familiares y mercantiles. En el mismo recinto se han implementado dos salas de mediaci\u00f3n, uno de los mecanismos alternativos de justicia m\u00e1s empleados en el sistema actual.<\/div>\n<div>Mientras, en el Sal\u00f3n de Usos M\u00faltiples se ofrecer\u00e1n pl\u00e1ticas y conferencias en las que los estudiantes tendr\u00e1n la oportunidad de establecer una interacci\u00f3n m\u00e1s profunda y discutir diversos temas que influyen en la carrera jur\u00eddica.<\/div>\n<div>\n<div class=\"separator\" style=\"clear: both;\"><a href=\"https:\/\/lh6.googleusercontent.com\/-d2NoFI0PvdU\/U7cTU6jrUFI\/AAAAAAAAh-4\/7xN6ol_yQjo\/s640\/blogger-image-874750528.jpg\" imageanchor=\"1\" style=\"margin-left: 1em; margin-right: 1em;\"><img decoding=\"async\" border=\"0\" src=\"https:\/\/lh6.googleusercontent.com\/-d2NoFI0PvdU\/U7cTU6jrUFI\/AAAAAAAAh-4\/7xN6ol_yQjo\/s640\/blogger-image-874750528.jpg\"><\/a><\/div>\n<p><\/div>\n<\/div>\n","protected":false},"excerpt":{"rendered":"<p>M\u00e9rida, Yucat\u00e1n, 4 de julio de 2014.- Estudiantes de la Facultad de Derecho de la Universidad Aut\u00f3noma de Yucat\u00e1n (UADY) podr\u00e1n desarrollar las habilidades y competencias que requiere el nuevo<\/p>\n","protected":false},"author":1,"featured_media":16003,"comment_status":"open","ping_status":"open","sticky":false,"template":"","format":"standard","meta":{"jetpack_post_was_ever_published":false,"_jetpack_newsletter_access":"","_jetpack_dont_email_post_to_subs":false,"_jetpack_newsletter_tier_id":0,"_jetpack_memberships_contains_paywalled_content":false,"_jetpack_memberships_contains_paid_content":false,"footnotes":"","jetpack_publicize_message":"","jetpack_publicize_feature_enabled":true,"jetpack_social_post_already_shared":false,"jetpack_social_options":{"image_generator_settings":{"template":"highway","default_image_id":0,"font":"","enabled":false},"version":2}},"categories":[17,1],"tags":[],"class_list":["post-2946","post","type-post","status-publish","format-standard","has-post-thumbnail","hentry","category-politica-y-gobierno","category-sin-categoria"],"jetpack_publicize_connections":[],"jetpack_featured_media_url":"https:\/\/formalprision.com\/wp-content\/uploads\/2014\/07\/blogger-image-874750528.jpg","jetpack_sharing_enabled":true,"jetpack_shortlink":"https:\/\/wp.me\/p6id8p-Lw","_links":{"self":[{"href":"https:\/\/formalprision.com\/index.php?rest_route=\/wp\/v2\/posts\/2946","targetHints":{"allow":["GET"]}}],"collection":[{"href":"https:\/\/formalprision.com\/index.php?rest_route=\/wp\/v2\/posts"}],"about":[{"href":"https:\/\/formalprision.com\/index.php?rest_route=\/wp\/v2\/types\/post"}],"author":[{"embeddable":true,"href":"https:\/\/formalprision.com\/index.php?rest_route=\/wp\/v2\/users\/1"}],"replies":[{"embeddable":true,"href":"https:\/\/formalprision.com\/index.php?rest_route=%2Fwp%2Fv2%2Fcomments&post=2946"}],"version-history":[{"count":0,"href":"https:\/\/formalprision.com\/index.php?rest_route=\/wp\/v2\/posts\/2946\/revisions"}],"wp:featuredmedia":[{"embeddable":true,"href":"https:\/\/formalprision.com\/index.php?rest_route=\/wp\/v2\/media\/16003"}],"wp:attachment":[{"href":"https:\/\/formalprision.com\/index.php?rest_route=%2Fwp%2Fv2%2Fmedia&parent=2946"}],"wp:term":[{"taxonomy":"category","embeddable":true,"href":"https:\/\/formalprision.com\/index.php?rest_route=%2Fwp%2Fv2%2Fcategories&post=2946"},{"taxonomy":"post_tag","embeddable":true,"href":"https:\/\/formalprision.com\/index.php?rest_route=%2Fwp%2Fv2%2Ftags&post=2946"}],"curies":[{"name":"wp","href":"https:\/\/api.w.org\/{rel}","templated":true}]}}