{"id":2963,"date":"2014-07-01T19:48:00","date_gmt":"2014-07-01T19:48:00","guid":{"rendered":"http:\/\/formalprision.info\/2014\/07\/01\/reconocen-ingenieros-destacados-de\/"},"modified":"2015-06-03T08:37:03","modified_gmt":"2015-06-03T08:37:03","slug":"reconocen-ingenieros-destacados-de","status":"publish","type":"post","link":"https:\/\/formalprision.com\/?p=2963","title":{"rendered":"Reconocen a ingenieros destacados del Instituto Tecnol\u00f3gico de M\u00e9rida"},"content":{"rendered":"<div style=\"font-family: Noteworthy; font-size: 20px; font-weight: bold; line-height: 26px; -webkit-tap-highlight-color: rgba(26, 26, 26, 0.296875); -webkit-composition-fill-color: rgba(130, 98, 83, 0.0976563); -webkit-composition-frame-color: rgba(191, 107, 82, 0.496094); \">M\u00e9rida, Yucat\u00e1n, 1 de julio de 2014.- Por su destacada trayectoria, siete profesionistas recibieron el reconocimiento al \u201cIngeniero Distinguido Egresado del Instituto Tecnol\u00f3gico de M\u00e9rida\u201d de manos del titular de la Secretar\u00eda de Fomento Econ\u00f3mico (Sefoe), David Alpizar Carrillo.<\/div>\n<div style=\"font-family: Noteworthy; font-size: 20px; font-weight: bold; line-height: 26px; -webkit-tap-highlight-color: rgba(26, 26, 26, 0.296875); -webkit-composition-fill-color: rgba(130, 98, 83, 0.0976563); -webkit-composition-frame-color: rgba(191, 107, 82, 0.496094); \">En el marco del D\u00eda del Ingeniero que hoy se conmemora en M\u00e9xico, el funcionario acudi\u00f3 en representaci\u00f3n del Gobernador Rolando Zapata Bello, a presidir la entrega de dicha distinci\u00f3n que el ITM entrega desde 1998, como un incentivo a los egresados sobresalientes.<\/div>\n<div style=\"font-family: Noteworthy; font-size: 20px; font-weight: bold; line-height: 26px; -webkit-tap-highlight-color: rgba(26, 26, 26, 0.296875); -webkit-composition-fill-color: rgba(130, 98, 83, 0.0976563); -webkit-composition-frame-color: rgba(191, 107, 82, 0.496094); \">&nbsp;En presencia de la subdirectora Acad\u00e9mica, Alma Rosa Centuri\u00f3n Yah, y ex directores del plantel, Alpizar Carrillo recapitul\u00f3 momentos hist\u00f3ricos del auge industrial de Yucat\u00e1n e hizo menci\u00f3n del papel que ha jugado el ITM como formador de recursos humanos altamente capacitados en este sector.<\/div>\n<div style=\"font-family: Noteworthy; font-size: 20px; font-weight: bold; line-height: 26px; -webkit-tap-highlight-color: rgba(26, 26, 26, 0.296875); -webkit-composition-fill-color: rgba(130, 98, 83, 0.0976563); -webkit-composition-frame-color: rgba(191, 107, 82, 0.496094); \">&nbsp;\u201cDesde principios del siglo pasado, Yucat\u00e1n mostr\u00f3 al mundo su capacidad industrial alrededor del llamado \u2018oro verde\u2019 con la prol\u00edfica y rentable producci\u00f3n de la fibra de henequ\u00e9n\u201d, relat\u00f3 Alpizar Carrillo.<\/div>\n<div style=\"font-family: Noteworthy; font-size: 20px; font-weight: bold; line-height: 26px; -webkit-tap-highlight-color: rgba(26, 26, 26, 0.296875); -webkit-composition-fill-color: rgba(130, 98, 83, 0.0976563); -webkit-composition-frame-color: rgba(191, 107, 82, 0.496094); \">&nbsp;\u201cDespu\u00e9s de la decadencia de esta producci\u00f3n, entre las d\u00e9cadas de los ochenta y los noventa, Yucat\u00e1n volvi\u00f3 a ocupar un importante lugar en el sector industrial mexicano con la llegada de las empresas transnacionales conocidas como maquiladoras, que en su momento adem\u00e1s de generar una importante cantidad de empleos para los yucatecos, fueron fuente importante de flujo de inversi\u00f3n extranjera directa para el estado\u201d, agreg\u00f3.<\/div>\n<div style=\"font-family: Noteworthy; font-size: 20px; font-weight: bold; line-height: 26px; -webkit-tap-highlight-color: rgba(26, 26, 26, 0.296875); -webkit-composition-fill-color: rgba(130, 98, 83, 0.0976563); -webkit-composition-frame-color: rgba(191, 107, 82, 0.496094); \">El funcionario indic\u00f3 que esta administraci\u00f3n gubernamental ha asumido el compromiso de dirigir la pol\u00edtica econ\u00f3mica hacia la reindustrializaci\u00f3n de Yucat\u00e1n y a 20 meses de encargo, se han puesto las bases para ese objetiv<\/div>\n<div style=\"font-family: Noteworthy; font-size: 20px; font-weight: bold; line-height: 26px; -webkit-tap-highlight-color: rgba(26, 26, 26, 0.296875); -webkit-composition-fill-color: rgba(130, 98, 83, 0.0976563); -webkit-composition-frame-color: rgba(191, 107, 82, 0.496094); \">Actualmente se tiene la mirada puesta en industrias competitivas como las tecnolog\u00edas de la informaci\u00f3n y la log\u00edstica, y en sectores industriales vanguardistas y florecientes como la rob\u00f3tica y la aeron\u00e1utica, inform\u00f3 Alpizar Carrillo.&nbsp;<\/div>\n<div style=\"font-family: Noteworthy; font-size: 20px; font-weight: bold; line-height: 26px; -webkit-tap-highlight-color: rgba(26, 26, 26, 0.296875); -webkit-composition-fill-color: rgba(130, 98, 83, 0.0976563); -webkit-composition-frame-color: rgba(191, 107, 82, 0.496094); \">&nbsp;A\u00f1adi\u00f3 que para ello la entidad cuenta con los egresados de esta noble instituci\u00f3n para alcanzar los objetivos de competitividad y creaci\u00f3n de empleos de calidad para las generaciones presentes y futuras. &nbsp;<\/div>\n<div style=\"font-family: Noteworthy; font-size: 20px; font-weight: bold; line-height: 26px; -webkit-tap-highlight-color: rgba(26, 26, 26, 0.296875); -webkit-composition-fill-color: rgba(130, 98, 83, 0.0976563); -webkit-composition-frame-color: rgba(191, 107, 82, 0.496094); \">&nbsp;Los recipiendarios del galard\u00f3n fueron \u00d3scar Salvador Ruiz de Ingenier\u00eda en Electr\u00f3nica, Roger Francisco S\u00e1nchez Parra de Ingenier\u00eda Mec\u00e1nica, Ramiro Audomaro Coral Hern\u00e1ndez de Ingenier\u00eda Civil, Eunice G\u00f3mez Uc de Ingenier\u00eda Bioqu\u00edmica, Jorge Rivera Rovelo de Ingenier\u00eda en Sistemas Computacionales, Carlos Iv\u00e1n Campos Arana de Ingenier\u00eda Industrial, y Roque Armando Aguilar Herrera de Ingenier\u00eda Qu\u00edmica.<\/div>\n<div style=\"font-family: Noteworthy; font-size: 20px; font-weight: bold; line-height: 26px; -webkit-tap-highlight-color: rgba(26, 26, 26, 0.296875); -webkit-composition-fill-color: rgba(130, 98, 83, 0.0976563); -webkit-composition-frame-color: rgba(191, 107, 82, 0.496094); \">&nbsp;En el evento estuvieron el subdelegado de la Secretar\u00eda de Educaci\u00f3n P\u00fablica, Carlos Jim\u00e9nez Mata; el secretario General de la Delegaci\u00f3n Sindical D-V-121 del ITM, Ramiro Gonz\u00e1lez Adri\u00e1n; el subdirector de Planeaci\u00f3n y Vinculaci\u00f3n de la casa de estudios, Manuel Sol\u00eds Trejo; y el director del Instituto Tecnol\u00f3gico Superior de Motul, Fern\u00e1n Cetina Alonzo, entre otros.<\/p>\n<div class=\"separator\" style=\"clear: both;\"><a href=\"https:\/\/lh3.googleusercontent.com\/-8bpHr8f9dlc\/U7MQgxDEKOI\/AAAAAAAAh7Q\/DbqCAn8HQv8\/s640\/blogger-image-2009270131.jpg\" imageanchor=\"1\" style=\"margin-left: 1em; margin-right: 1em;\"><img decoding=\"async\" border=\"0\" src=\"https:\/\/lh3.googleusercontent.com\/-8bpHr8f9dlc\/U7MQgxDEKOI\/AAAAAAAAh7Q\/DbqCAn8HQv8\/s640\/blogger-image-2009270131.jpg\"><\/a><\/div>\n<\/div>\n","protected":false},"excerpt":{"rendered":"<p>M\u00e9rida, Yucat\u00e1n, 1 de julio de 2014.- Por su destacada trayectoria, siete profesionistas recibieron el reconocimiento al \u201cIngeniero Distinguido Egresado del Instituto Tecnol\u00f3gico de M\u00e9rida\u201d de manos del titular de<\/p>\n","protected":false},"author":1,"featured_media":16037,"comment_status":"open","ping_status":"open","sticky":false,"template":"","format":"standard","meta":{"jetpack_post_was_ever_published":false,"_jetpack_newsletter_access":"","_jetpack_dont_email_post_to_subs":false,"_jetpack_newsletter_tier_id":0,"_jetpack_memberships_contains_paywalled_content":false,"_jetpack_memberships_contains_paid_content":false,"footnotes":"","jetpack_publicize_message":"","jetpack_publicize_feature_enabled":true,"jetpack_social_post_already_shared":false,"jetpack_social_options":{"image_generator_settings":{"template":"highway","default_image_id":0,"font":"","enabled":false},"version":2}},"categories":[17,1],"tags":[],"class_list":["post-2963","post","type-post","status-publish","format-standard","has-post-thumbnail","hentry","category-politica-y-gobierno","category-sin-categoria"],"jetpack_publicize_connections":[],"jetpack_featured_media_url":"https:\/\/formalprision.com\/wp-content\/uploads\/2014\/07\/blogger-image-2009270131.jpg","jetpack_sharing_enabled":true,"jetpack_shortlink":"https:\/\/wp.me\/p6id8p-LN","_links":{"self":[{"href":"https:\/\/formalprision.com\/index.php?rest_route=\/wp\/v2\/posts\/2963","targetHints":{"allow":["GET"]}}],"collection":[{"href":"https:\/\/formalprision.com\/index.php?rest_route=\/wp\/v2\/posts"}],"about":[{"href":"https:\/\/formalprision.com\/index.php?rest_route=\/wp\/v2\/types\/post"}],"author":[{"embeddable":true,"href":"https:\/\/formalprision.com\/index.php?rest_route=\/wp\/v2\/users\/1"}],"replies":[{"embeddable":true,"href":"https:\/\/formalprision.com\/index.php?rest_route=%2Fwp%2Fv2%2Fcomments&post=2963"}],"version-history":[{"count":0,"href":"https:\/\/formalprision.com\/index.php?rest_route=\/wp\/v2\/posts\/2963\/revisions"}],"wp:featuredmedia":[{"embeddable":true,"href":"https:\/\/formalprision.com\/index.php?rest_route=\/wp\/v2\/media\/16037"}],"wp:attachment":[{"href":"https:\/\/formalprision.com\/index.php?rest_route=%2Fwp%2Fv2%2Fmedia&parent=2963"}],"wp:term":[{"taxonomy":"category","embeddable":true,"href":"https:\/\/formalprision.com\/index.php?rest_route=%2Fwp%2Fv2%2Fcategories&post=2963"},{"taxonomy":"post_tag","embeddable":true,"href":"https:\/\/formalprision.com\/index.php?rest_route=%2Fwp%2Fv2%2Ftags&post=2963"}],"curies":[{"name":"wp","href":"https:\/\/api.w.org\/{rel}","templated":true}]}}