{"id":2967,"date":"2014-06-30T22:22:00","date_gmt":"2014-06-30T22:22:00","guid":{"rendered":"http:\/\/formalprision.info\/2014\/06\/30\/arranca-fase-final-del-xxxii-concurso\/"},"modified":"2015-06-03T08:37:04","modified_gmt":"2015-06-03T08:37:04","slug":"arranca-fase-final-del-xxxii-concurso","status":"publish","type":"post","link":"https:\/\/formalprision.com\/?p=2967","title":{"rendered":"Arranca fase final del XXXII Concurso de Interpretaci\u00f3n del Himno\nNacional Mexicano"},"content":{"rendered":"<div class=\"separator\" style=\"clear: both; text-align: center;\">\n<a href=\"http:\/\/formalprision.com\/wp-content\/uploads\/2014\/06\/aaahimnos-1024x682.jpg\" imageanchor=\"1\" style=\"margin-left: 1em; margin-right: 1em;\"><img loading=\"lazy\" decoding=\"async\" border=\"0\" src=\"http:\/\/formalprision.com\/wp-content\/uploads\/2014\/06\/aaahimnos-1024x682.jpg\" height=\"213\" width=\"320\"><\/a><\/div>\n<div style=\"font-family: Noteworthy; font-size: 20px; font-weight: bold; line-height: 26px; -webkit-tap-highlight-color: rgba(26, 26, 26, 0.296875); -webkit-composition-fill-color: rgba(130, 98, 83, 0.0976563); -webkit-composition-frame-color: rgba(191, 107, 82, 0.496094); \">\n<div>M\u00e9rida, Yucat\u00e1n, 30 de junio de 2014.- Con la participaci\u00f3n de cuatro escuelas secundarias de la entidad, arranc\u00f3 la fase final del XXXIII Concurso de Interpretaci\u00f3n del Himno Nacional Mexicano, certamen en que alumnas y alumnos demuestran su admiraci\u00f3n a este s\u00edmbolo patrio.<\/div>\n<div>En representaci\u00f3n del titular del Poder Ejecutivo Rolando Zapata Bello, el secretario General de Gobierno, V\u00edctor Caballero Dur\u00e1n, inaugur\u00f3 dicha fase en la que participan las escuelas ganadoras de las diferentes etapas, las cuales son originarias de los municipios de Acanceh, M\u00e9rida y Tixcacalcupul. &nbsp;&nbsp;<\/div>\n<div>Al dirigir un mensaje durante el evento realizado en el Centro de Convenciones Yucat\u00e1n Siglo XXI, el funcionario estatal destac\u00f3 que el Gobierno del Estado pone en marchas diferentes actividades como el Programa de Fortalecimiento de los Valores C\u00edvicos, con el fin de fomentar el respeto a los s\u00edmbolos patrios.<\/div>\n<div>\u201cFelicito a los maestros, directores, supervisores y padres de familia que hacen posible este evento, ya que fortalece la formaci\u00f3n educativa y c\u00edvica de los alumnos, porque al final de cuentas no solo queremos buenos estudiantes y profesionistas, sino tambi\u00e9n buenos ciudadanos que se preocupen por el entorno y la sociedad en miras de un pa\u00eds mejor\u201d, indic\u00f3 Caballero Dur\u00e1n.<\/div>\n<div>A la fase final clasificaron las escuelas Telesecundaria \u201cJoaqu\u00edn Barranda\u201d de Canicab, Acanceh; Secundarias T\u00e9cnica N\u00famero 56 de M\u00e9rida, General N\u00famero Uno \u201cSantiago Burgos Brito\u201d de la capital del estado y N\u00famero 90 \u201cArtemio Alpizar Ruz\u201d de Tixcacalcupul.<\/div>\n<div>En representaci\u00f3n de la Secretar\u00eda de Educaci\u00f3n, el director de Educaci\u00f3n Secundaria en la entidad, Mario Novelo Ayuso, coment\u00f3 que el himno nacional es un mensaje simb\u00f3lico que se debe difundir y fomentar para recordar que M\u00e9xico es un pa\u00eds libre, soberano, independiente, democr\u00e1tico y de oportunidades para todos.&nbsp;<\/div>\n<div>&nbsp;\u201cLos j\u00f3venes que nos acompa\u00f1an y que representan a sus escuelas y comunidades, son ganadores por el hecho de estar aqu\u00ed, den su mejor esfuerzo, demuestren que las nuevas generaciones del estado respetan y est\u00e1n dispuestos a luchar por engrandecer a su patria\u201d, a\u00f1adi\u00f3 ante el jurado calificador conformado por autoridades militares, educativas y art\u00edsticas.<\/div>\n<div>&nbsp;Al evento asistieron el representante de la delegaci\u00f3n de la Secretar\u00eda de Educaci\u00f3n P\u00fablica del Estado, Carlos Jim\u00e9nez Mata; y los jefes del Departamento de Secundarias T\u00e9cnicas, Ademar Brito Parra; Departamento de Secundarias Regulares, Effy Barredo Villanueva; Departamento de Secundarias Generales, Silvia Canul Lara; y Departamento de Telesecundarias, Martha Cima Calam.&nbsp;<\/div>\n<\/div>\n<h2 style=\"background: white; line-height: 23.15pt; margin-bottom: 6.8pt; margin-left: 0cm; margin-right: 0cm; margin-top: 0cm; text-align: justify;\"><\/h2>\n<h2 style=\"background: white; line-height: 23.15pt; margin: 0cm 0cm 6.8pt; text-align: justify;\">\n&nbsp;<\/h2>\n<p><\/p>\n<div class=\"MsoNormal\">\n<\/div>\n","protected":false},"excerpt":{"rendered":"<p>M\u00e9rida, Yucat\u00e1n, 30 de junio de 2014.- Con la participaci\u00f3n de cuatro escuelas secundarias de la entidad, arranc\u00f3 la fase final del XXXIII Concurso de Interpretaci\u00f3n del Himno Nacional Mexicano,<\/p>\n","protected":false},"author":1,"featured_media":16044,"comment_status":"open","ping_status":"open","sticky":false,"template":"","format":"standard","meta":{"jetpack_post_was_ever_published":false,"_jetpack_newsletter_access":"","_jetpack_dont_email_post_to_subs":false,"_jetpack_newsletter_tier_id":0,"_jetpack_memberships_contains_paywalled_content":false,"_jetpack_memberships_contains_paid_content":false,"footnotes":"","jetpack_publicize_message":"","jetpack_publicize_feature_enabled":true,"jetpack_social_post_already_shared":false,"jetpack_social_options":{"image_generator_settings":{"template":"highway","default_image_id":0,"font":"","enabled":false},"version":2}},"categories":[17,1],"tags":[],"class_list":["post-2967","post","type-post","status-publish","format-standard","has-post-thumbnail","hentry","category-politica-y-gobierno","category-sin-categoria"],"jetpack_publicize_connections":[],"jetpack_featured_media_url":"https:\/\/formalprision.com\/wp-content\/uploads\/2014\/06\/aaahimnos.jpg","jetpack_sharing_enabled":true,"jetpack_shortlink":"https:\/\/wp.me\/p6id8p-LR","_links":{"self":[{"href":"https:\/\/formalprision.com\/index.php?rest_route=\/wp\/v2\/posts\/2967","targetHints":{"allow":["GET"]}}],"collection":[{"href":"https:\/\/formalprision.com\/index.php?rest_route=\/wp\/v2\/posts"}],"about":[{"href":"https:\/\/formalprision.com\/index.php?rest_route=\/wp\/v2\/types\/post"}],"author":[{"embeddable":true,"href":"https:\/\/formalprision.com\/index.php?rest_route=\/wp\/v2\/users\/1"}],"replies":[{"embeddable":true,"href":"https:\/\/formalprision.com\/index.php?rest_route=%2Fwp%2Fv2%2Fcomments&post=2967"}],"version-history":[{"count":0,"href":"https:\/\/formalprision.com\/index.php?rest_route=\/wp\/v2\/posts\/2967\/revisions"}],"wp:featuredmedia":[{"embeddable":true,"href":"https:\/\/formalprision.com\/index.php?rest_route=\/wp\/v2\/media\/16044"}],"wp:attachment":[{"href":"https:\/\/formalprision.com\/index.php?rest_route=%2Fwp%2Fv2%2Fmedia&parent=2967"}],"wp:term":[{"taxonomy":"category","embeddable":true,"href":"https:\/\/formalprision.com\/index.php?rest_route=%2Fwp%2Fv2%2Fcategories&post=2967"},{"taxonomy":"post_tag","embeddable":true,"href":"https:\/\/formalprision.com\/index.php?rest_route=%2Fwp%2Fv2%2Ftags&post=2967"}],"curies":[{"name":"wp","href":"https:\/\/api.w.org\/{rel}","templated":true}]}}