{"id":2968,"date":"2014-06-30T22:14:00","date_gmt":"2014-06-30T22:14:00","guid":{"rendered":"http:\/\/formalprision.info\/2014\/06\/30\/inauguran-xxxi-campeonato-nacional-de\/"},"modified":"2015-06-03T08:37:04","modified_gmt":"2015-06-03T08:37:04","slug":"inauguran-xxxi-campeonato-nacional-de","status":"publish","type":"post","link":"https:\/\/formalprision.com\/?p=2968","title":{"rendered":"Inauguran XXXI Campeonato Nacional de Atletismo para Ciegos y D\u00e9biles\nVisuales"},"content":{"rendered":"<div class=\"separator\" style=\"clear: both; text-align: center;\">\n<a href=\"http:\/\/formalprision.com\/wp-content\/uploads\/2014\/06\/aaciegos-1024x665.jpg\" imageanchor=\"1\" style=\"margin-left: 1em; margin-right: 1em;\"><img loading=\"lazy\" decoding=\"async\" border=\"0\" src=\"http:\/\/formalprision.com\/wp-content\/uploads\/2014\/06\/aaciegos-1024x665.jpg\" height=\"207\" width=\"320\"><\/a><\/div>\n<div style=\"font-family: Noteworthy; font-size: 20px; font-weight: bold; line-height: 26px; -webkit-tap-highlight-color: rgba(26, 26, 26, 0.296875); -webkit-composition-fill-color: rgba(130, 98, 83, 0.0976563); -webkit-composition-frame-color: rgba(191, 107, 82, 0.496094); \">M\u00e9rida, Yucat\u00e1n, 30 de junio de 2014.- M\u00e1s de 400 deportistas y entrenadores de 20 estados del pa\u00eds participan en el XXXI Campeonato Nacional de Atletismo para Ciegos y D\u00e9biles Visuales que tiene &nbsp;lugar en Yucat\u00e1n por segundo a\u00f1o consecutivo.<\/div>\n<div style=\"font-family: Noteworthy; font-size: 20px; font-weight: bold; line-height: 26px; -webkit-tap-highlight-color: rgba(26, 26, 26, 0.296875); -webkit-composition-fill-color: rgba(130, 98, 83, 0.0976563); -webkit-composition-frame-color: rgba(191, 107, 82, 0.496094); \">En evento celebrado en el Gimnasio Polifuncional, el Gobernador Rolando Zapata Bello inaugur\u00f3 la justa que se efect\u00faa en coordinaci\u00f3n con el Sistema para el Desarrollo Integral de la Familia (DIF) Yucat\u00e1n, la Federaci\u00f3n Mexicana del Deporte para Ciegos y D\u00e9biles Visuales, y el Instituto del Deporte de la entidad (IDEY).<\/div>\n<div style=\"font-family: Noteworthy; font-size: 20px; font-weight: bold; line-height: 26px; -webkit-tap-highlight-color: rgba(26, 26, 26, 0.296875); -webkit-composition-fill-color: rgba(130, 98, 83, 0.0976563); -webkit-composition-frame-color: rgba(191, 107, 82, 0.496094); \">Acompa\u00f1ado de la Presidenta del DIF local, Sarita Blancarte de Zapata, y la asesora de la Federaci\u00f3n, Cristal D\u00edaz Romero, el titular del Poder Ejecutivo reconoci\u00f3 el esfuerzo de los j\u00f3venes con debilidad visual, que con ejemplo de disciplina intervienen en las competencias.<\/div>\n<div style=\"font-family: Noteworthy; font-size: 20px; font-weight: bold; line-height: 26px; -webkit-tap-highlight-color: rgba(26, 26, 26, 0.296875); -webkit-composition-fill-color: rgba(130, 98, 83, 0.0976563); -webkit-composition-frame-color: rgba(191, 107, 82, 0.496094); \">\u00abUstedes demuestran que la discapacidad no es impedimento al momento de participar en diversos \u00e1mbitos como el cultural, econ\u00f3mico, deportivo y social en nuestro pa\u00eds\u00bb, subray\u00f3.<\/div>\n<div style=\"font-family: Noteworthy; font-size: 20px; font-weight: bold; line-height: 26px; -webkit-tap-highlight-color: rgba(26, 26, 26, 0.296875); -webkit-composition-fill-color: rgba(130, 98, 83, 0.0976563); -webkit-composition-frame-color: rgba(191, 107, 82, 0.496094); \">En su turno, Blancarte de Zapata asever\u00f3 que la activaci\u00f3n representa una gran aliada para mantener una juventud sana y un v\u00ednculo de hermanamiento con din\u00e1micas de esta naturaleza.<\/div>\n<div style=\"font-family: Noteworthy; font-size: 20px; font-weight: bold; line-height: 26px; -webkit-tap-highlight-color: rgba(26, 26, 26, 0.296875); -webkit-composition-fill-color: rgba(130, 98, 83, 0.0976563); -webkit-composition-frame-color: rgba(191, 107, 82, 0.496094); \">Asimismo, el presidente de la Federaci\u00f3n Mexicana del Deporte para Ciegos y D\u00e9biles Visuales A.C., Miguel \u00c1ngel Huerta S\u00e1nchez apunt\u00f3 que trabajar\u00e1n fuertemente para que los atletas sigan poniendo en alto la representaci\u00f3n nacional. \u00abEl esfuerzo de ustedes dice que estamos haciendo lo justo\u00bb, expres\u00f3.<\/div>\n<div style=\"font-family: Noteworthy; font-size: 20px; font-weight: bold; line-height: 26px; -webkit-tap-highlight-color: rgba(26, 26, 26, 0.296875); -webkit-composition-fill-color: rgba(130, 98, 83, 0.0976563); -webkit-composition-frame-color: rgba(191, 107, 82, 0.496094); \">Posteriormente, el medallista de oro en salto de longitud en los Juegos Juveniles Paranamericanos de Argentina 2013, Daniel Manrique Dur\u00e1n, encendi\u00f3 el pebetero. Enseguida, se procedi\u00f3 a los juramentos de jueces y deportistas.<\/div>\n<div style=\"font-family: Noteworthy; font-size: 20px; font-weight: bold; line-height: 26px; -webkit-tap-highlight-color: rgba(26, 26, 26, 0.296875); -webkit-composition-fill-color: rgba(130, 98, 83, 0.0976563); -webkit-composition-frame-color: rgba(191, 107, 82, 0.496094); \">El Campeonato Nacional tendr\u00e1 lugar los d\u00edas 30 de junio y primero de julio, en el estadio \u00abGeneral Salvador Alvarado\u00bb y ser\u00e1 determinante para seleccionar a quienes participar\u00e1n en los Juegos Parapanamericanos 2015 en Toronto, Canad\u00e1; y para el Mundial de Ciegos y D\u00e9biles Visuales.<\/div>\n<div style=\"font-family: Noteworthy; font-size: 20px; font-weight: bold; line-height: 26px; -webkit-tap-highlight-color: rgba(26, 26, 26, 0.296875); -webkit-composition-fill-color: rgba(130, 98, 83, 0.0976563); -webkit-composition-frame-color: rgba(191, 107, 82, 0.496094); \">En la justa competir\u00e1n atletas en disciplinas como salto de longitud, de altura y triple, y lanzamiento de bala, jabalina y disco.<\/div>\n<div style=\"font-family: Noteworthy; font-size: 20px; font-weight: bold; line-height: 26px; -webkit-tap-highlight-color: rgba(26, 26, 26, 0.296875); -webkit-composition-fill-color: rgba(130, 98, 83, 0.0976563); -webkit-composition-frame-color: rgba(191, 107, 82, 0.496094); \">En esta ocasi\u00f3n asisten deportistas de los estados de Sonora, Hidalgo, Oaxaca, San Luis Potos\u00ed, Tamaulipas, Tabasco, Veracruz, Zacatecas, Jalisco, Nuevo Le\u00f3n, Distrito Federal, Durango, Chiapas, Baja California, Sinaloa, Coahuila, Quer\u00e9taro, Guanajuato, Puebla y Estado de M\u00e9xico, as\u00ed como de la fundaci\u00f3n Miradas de Esperanza.<\/div>\n<div style=\"font-family: Noteworthy; font-size: 20px; font-weight: bold; line-height: 26px; -webkit-tap-highlight-color: rgba(26, 26, 26, 0.296875); -webkit-composition-fill-color: rgba(130, 98, 83, 0.0976563); -webkit-composition-frame-color: rgba(191, 107, 82, 0.496094); \">Estuvieron en el evento, los diputados locales, Flor D\u00edaz Castillo y Francisco Torres Rivas. De igual forma, el secretario de Salud, Jorge Eduardo Mendoza M\u00e9zquita, y los directores del DIF estatal, Limber Sosa Lara, y del IDEY, Juan Sosa Puerto.<\/div>\n<div class=\"MsoNormal\" style=\"background: white; line-height: 23.15pt; margin-bottom: 6.8pt; mso-outline-level: 2; text-align: justify;\">\nIgualmente, los presidentes de la Asociaci\u00f3n Yucateca del Deporte para Ciegos y D\u00e9biles Visuales A.C., Miguel \u00c1ngel Aguilar C\u00e1rdenas, y del Consejo Promotor de los Derechos para Personas con Discapacidad del estado, Dulce Caballero Encalada.<\/div>\n<div class=\"MsoNormal\" style=\"background: white; line-height: 23.15pt; margin-bottom: 6.8pt; mso-outline-level: 2; text-align: justify;\">.<\/div>\n","protected":false},"excerpt":{"rendered":"<p>M\u00e9rida, Yucat\u00e1n, 30 de junio de 2014.- M\u00e1s de 400 deportistas y entrenadores de 20 estados del pa\u00eds participan en el XXXI Campeonato Nacional de Atletismo para Ciegos y D\u00e9biles<\/p>\n","protected":false},"author":1,"featured_media":16046,"comment_status":"open","ping_status":"open","sticky":false,"template":"","format":"standard","meta":{"jetpack_post_was_ever_published":false,"_jetpack_newsletter_access":"","_jetpack_dont_email_post_to_subs":false,"_jetpack_newsletter_tier_id":0,"_jetpack_memberships_contains_paywalled_content":false,"_jetpack_memberships_contains_paid_content":false,"footnotes":"","jetpack_publicize_message":"","jetpack_publicize_feature_enabled":true,"jetpack_social_post_already_shared":false,"jetpack_social_options":{"image_generator_settings":{"template":"highway","default_image_id":0,"font":"","enabled":false},"version":2}},"categories":[17,1],"tags":[],"class_list":["post-2968","post","type-post","status-publish","format-standard","has-post-thumbnail","hentry","category-politica-y-gobierno","category-sin-categoria"],"jetpack_publicize_connections":[],"jetpack_featured_media_url":"https:\/\/formalprision.com\/wp-content\/uploads\/2014\/06\/aaciegos.jpg","jetpack_sharing_enabled":true,"jetpack_shortlink":"https:\/\/wp.me\/p6id8p-LS","_links":{"self":[{"href":"https:\/\/formalprision.com\/index.php?rest_route=\/wp\/v2\/posts\/2968","targetHints":{"allow":["GET"]}}],"collection":[{"href":"https:\/\/formalprision.com\/index.php?rest_route=\/wp\/v2\/posts"}],"about":[{"href":"https:\/\/formalprision.com\/index.php?rest_route=\/wp\/v2\/types\/post"}],"author":[{"embeddable":true,"href":"https:\/\/formalprision.com\/index.php?rest_route=\/wp\/v2\/users\/1"}],"replies":[{"embeddable":true,"href":"https:\/\/formalprision.com\/index.php?rest_route=%2Fwp%2Fv2%2Fcomments&post=2968"}],"version-history":[{"count":0,"href":"https:\/\/formalprision.com\/index.php?rest_route=\/wp\/v2\/posts\/2968\/revisions"}],"wp:featuredmedia":[{"embeddable":true,"href":"https:\/\/formalprision.com\/index.php?rest_route=\/wp\/v2\/media\/16046"}],"wp:attachment":[{"href":"https:\/\/formalprision.com\/index.php?rest_route=%2Fwp%2Fv2%2Fmedia&parent=2968"}],"wp:term":[{"taxonomy":"category","embeddable":true,"href":"https:\/\/formalprision.com\/index.php?rest_route=%2Fwp%2Fv2%2Fcategories&post=2968"},{"taxonomy":"post_tag","embeddable":true,"href":"https:\/\/formalprision.com\/index.php?rest_route=%2Fwp%2Fv2%2Ftags&post=2968"}],"curies":[{"name":"wp","href":"https:\/\/api.w.org\/{rel}","templated":true}]}}