{"id":29726,"date":"2015-06-05T18:15:02","date_gmt":"2015-06-05T18:15:02","guid":{"rendered":"http:\/\/formalprision.info\/?p=29726"},"modified":"2015-06-06T05:50:14","modified_gmt":"2015-06-06T05:50:14","slug":"compras-de-panico-en-merida-previo-a-la-ley-seca","status":"publish","type":"post","link":"https:\/\/formalprision.com\/?p=29726","title":{"rendered":"&#8216;Compras de p\u00e1nico&#8217; en M\u00e9rida previo a la ley seca"},"content":{"rendered":"<p>Conforme se acercan las horas para que entre en vigor la ley seca electoral, comienzan a presentarse en los comercios meridanos \u00abcompras de p\u00e1nico\u00bb de gente que quiere surtirse de bebidas alcoh\u00f3licas, antes de que empiece la prohibici\u00f3n impuesta por los comicios del domingo 7 de junio.<br \/>\nSi bien el decreto de ley seca se public\u00f3 desde el mi\u00e9rcoles, como buenos mexicanos los meridanos dejaron para lo \u00faltimo la compra anticipada de bebidas alcoh\u00f3licas, a pesar de que varios comercios avisaban a sus clientes de la inminente ley seca y los invitaba a hacer \u00abreservas\u00bb para aguantar el fin de semana sin venta de alcohol.<br \/>\nDe hecho, varios establecimientos colocaron avisos e incluso algunos pegaron el decreto en sus exhibidores, a fin de que la gente tomara previsiones.<br \/>\nSin embargo, la gran mayor\u00eda dej\u00f3 las compras de bebidas embriagantes hasta lo \u00faltimo, y este viernes ha comenzado a notarse en los establecimientos especializados un movimiento mayor que el acostumbrado, y se espera que conforme avancen las horas y sea inminente la llegada de la ley seca se aglomeren m\u00e1s compradores.<br \/>\nLa ley seca estar\u00e1 vigente desde las 12 de la noche de este viernes hasta las 11 de la ma\u00f1ana del lunes, lo que implica que todo el s\u00e1bado y el domingo (los d\u00edas de mayor consumo) no habr\u00e1 venta de bebidas alcoh\u00f3licas en establecimientos autorizados.<br \/>\nEsta disposici\u00f3n afectar\u00e1 varios eventos deportivos, como las transmisiones de los partidos de la final de la Champions el s\u00e1bado, y el juego M\u00e9xico-Brasil el domingo.<br \/>\nCon la reserva ya preparada, muchos meridanos han programado festejos privados en los que el invitado principal es el alcohol, pues se han puesto de acuerdo para reunirse en casas y locales privados, ante la imposibilidad de acudir a bares y cantinas.<\/p>\n<p><a href=\"http:\/\/formalprision.com\/wp-content\/uploads\/2015\/06\/ley-seca.jpg\"><img loading=\"lazy\" decoding=\"async\" class=\"alignnone size-medium wp-image-29728\" src=\"http:\/\/formalprision.com\/wp-content\/uploads\/2015\/06\/ley-seca-300x189.jpg\" alt=\"ley seca\" width=\"300\" height=\"189\" srcset=\"https:\/\/formalprision.com\/wp-content\/uploads\/2015\/06\/ley-seca-300x189.jpg 300w, https:\/\/formalprision.com\/wp-content\/uploads\/2015\/06\/ley-seca.jpg 460w\" sizes=\"auto, (max-width: 300px) 100vw, 300px\" \/><\/a><\/p>\n","protected":false},"excerpt":{"rendered":"<p>Conforme se acercan las horas para que entre en vigor la ley seca electoral, comienzan a presentarse en los comercios meridanos \u00abcompras de p\u00e1nico\u00bb de gente que quiere surtirse de<\/p>\n","protected":false},"author":1,"featured_media":29728,"comment_status":"open","ping_status":"open","sticky":false,"template":"","format":"standard","meta":{"jetpack_post_was_ever_published":false,"_jetpack_newsletter_access":"","_jetpack_dont_email_post_to_subs":false,"_jetpack_newsletter_tier_id":0,"_jetpack_memberships_contains_paywalled_content":false,"_jetpack_memberships_contains_paid_content":false,"footnotes":"","jetpack_publicize_message":"","jetpack_publicize_feature_enabled":true,"jetpack_social_post_already_shared":true,"jetpack_social_options":{"image_generator_settings":{"template":"highway","default_image_id":0,"font":"","enabled":false},"version":2}},"categories":[14,3,54],"tags":[69,70,68],"class_list":["post-29726","post","type-post","status-publish","format-standard","has-post-thumbnail","hentry","category-merida","category-portada","category-yucatan","tag-compras","tag-elecciones","tag-ley-seca"],"jetpack_publicize_connections":[],"jetpack_featured_media_url":"https:\/\/formalprision.com\/wp-content\/uploads\/2015\/06\/ley-seca.jpg","jetpack_sharing_enabled":true,"jetpack_shortlink":"https:\/\/wp.me\/p6id8p-7Js","_links":{"self":[{"href":"https:\/\/formalprision.com\/index.php?rest_route=\/wp\/v2\/posts\/29726","targetHints":{"allow":["GET"]}}],"collection":[{"href":"https:\/\/formalprision.com\/index.php?rest_route=\/wp\/v2\/posts"}],"about":[{"href":"https:\/\/formalprision.com\/index.php?rest_route=\/wp\/v2\/types\/post"}],"author":[{"embeddable":true,"href":"https:\/\/formalprision.com\/index.php?rest_route=\/wp\/v2\/users\/1"}],"replies":[{"embeddable":true,"href":"https:\/\/formalprision.com\/index.php?rest_route=%2Fwp%2Fv2%2Fcomments&post=29726"}],"version-history":[{"count":0,"href":"https:\/\/formalprision.com\/index.php?rest_route=\/wp\/v2\/posts\/29726\/revisions"}],"wp:featuredmedia":[{"embeddable":true,"href":"https:\/\/formalprision.com\/index.php?rest_route=\/wp\/v2\/media\/29728"}],"wp:attachment":[{"href":"https:\/\/formalprision.com\/index.php?rest_route=%2Fwp%2Fv2%2Fmedia&parent=29726"}],"wp:term":[{"taxonomy":"category","embeddable":true,"href":"https:\/\/formalprision.com\/index.php?rest_route=%2Fwp%2Fv2%2Fcategories&post=29726"},{"taxonomy":"post_tag","embeddable":true,"href":"https:\/\/formalprision.com\/index.php?rest_route=%2Fwp%2Fv2%2Ftags&post=29726"}],"curies":[{"name":"wp","href":"https:\/\/api.w.org\/{rel}","templated":true}]}}