{"id":29738,"date":"2015-06-07T22:22:25","date_gmt":"2015-06-07T22:22:25","guid":{"rendered":"http:\/\/formalprision.com\/?p=29738"},"modified":"2015-06-07T23:17:42","modified_gmt":"2015-06-07T23:17:42","slug":"pri-reprueba-violencia-panista-que-causo-dos-muertes","status":"publish","type":"post","link":"https:\/\/formalprision.com\/?p=29738","title":{"rendered":"PRI reprueba violencia panista que caus\u00f3 dos muertes"},"content":{"rendered":"<p>El Partido Revolucionario Institucional rechaza las acciones del Partido Acci\u00f3n Nacional en distintos municipios del interior del estado como Tekom y Temax, en los cuales generaron violencia, incendiaron la casa de campa\u00f1a de la candidata pri\u00edsta y dispararon contra dos ciudadanos que murieron en el acto.<\/p>\n<p>A trav\u00e9s de un comunicado, el PRI estatal se\u00f1al\u00f3 que Yucat\u00e1n es un estado pac\u00edfico.<br \/>\n\u00abEl PAN no cambiar\u00e1 nuestra historia con acciones para desestabilizar y violentar el derecho de los ciudadanos para votar libremente\u00bb.<\/p>\n<p>\u00abComo partido denunciamos las acciones que van en contra de la ley y nuevamente hacemos un llamado a todos los actores pol\u00edticos a mantener la jornada electoral pac\u00edfica y civilizada\u00bb.<\/p>\n<p>\u00abA los ciudadanos les pedimos que salgan a votar y denuncien ante las autoridades cuando se sientan intimidados. Detengamos al PAN\u00bb<\/p>\n","protected":false},"excerpt":{"rendered":"<p>El Partido Revolucionario Institucional rechaza las acciones del Partido Acci\u00f3n Nacional en distintos municipios del interior del estado como Tekom y Temax, en los cuales generaron violencia, incendiaron la casa<\/p>\n","protected":false},"author":1,"featured_media":29739,"comment_status":"open","ping_status":"open","sticky":false,"template":"","format":"standard","meta":{"jetpack_post_was_ever_published":false,"_jetpack_newsletter_access":"","_jetpack_dont_email_post_to_subs":false,"_jetpack_newsletter_tier_id":0,"_jetpack_memberships_contains_paywalled_content":false,"_jetpack_memberships_contains_paid_content":false,"footnotes":"","jetpack_publicize_message":"","jetpack_publicize_feature_enabled":true,"jetpack_social_post_already_shared":true,"jetpack_social_options":{"image_generator_settings":{"template":"highway","default_image_id":0,"font":"","enabled":false},"version":2}},"categories":[17,1],"tags":[],"class_list":["post-29738","post","type-post","status-publish","format-standard","has-post-thumbnail","hentry","category-politica-y-gobierno","category-sin-categoria"],"jetpack_publicize_connections":[],"jetpack_featured_media_url":"https:\/\/formalprision.com\/wp-content\/uploads\/2015\/06\/image1.jpg","jetpack_sharing_enabled":true,"jetpack_shortlink":"https:\/\/wp.me\/p6id8p-7JE","_links":{"self":[{"href":"https:\/\/formalprision.com\/index.php?rest_route=\/wp\/v2\/posts\/29738","targetHints":{"allow":["GET"]}}],"collection":[{"href":"https:\/\/formalprision.com\/index.php?rest_route=\/wp\/v2\/posts"}],"about":[{"href":"https:\/\/formalprision.com\/index.php?rest_route=\/wp\/v2\/types\/post"}],"author":[{"embeddable":true,"href":"https:\/\/formalprision.com\/index.php?rest_route=\/wp\/v2\/users\/1"}],"replies":[{"embeddable":true,"href":"https:\/\/formalprision.com\/index.php?rest_route=%2Fwp%2Fv2%2Fcomments&post=29738"}],"version-history":[{"count":0,"href":"https:\/\/formalprision.com\/index.php?rest_route=\/wp\/v2\/posts\/29738\/revisions"}],"wp:featuredmedia":[{"embeddable":true,"href":"https:\/\/formalprision.com\/index.php?rest_route=\/wp\/v2\/media\/29739"}],"wp:attachment":[{"href":"https:\/\/formalprision.com\/index.php?rest_route=%2Fwp%2Fv2%2Fmedia&parent=29738"}],"wp:term":[{"taxonomy":"category","embeddable":true,"href":"https:\/\/formalprision.com\/index.php?rest_route=%2Fwp%2Fv2%2Fcategories&post=29738"},{"taxonomy":"post_tag","embeddable":true,"href":"https:\/\/formalprision.com\/index.php?rest_route=%2Fwp%2Fv2%2Ftags&post=29738"}],"curies":[{"name":"wp","href":"https:\/\/api.w.org\/{rel}","templated":true}]}}