{"id":29759,"date":"2015-06-08T05:33:51","date_gmt":"2015-06-08T05:33:51","guid":{"rendered":"http:\/\/formalprision.com\/?p=29759"},"modified":"2015-06-08T17:45:55","modified_gmt":"2015-06-08T17:45:55","slug":"mauricio-vila-se-declara-ganador","status":"publish","type":"post","link":"https:\/\/formalprision.com\/?p=29759","title":{"rendered":"Mauricio Vila se declara ganador"},"content":{"rendered":"<p>El candidato del PAN a la alcald\u00eda de M\u00e9rida, Mauricio Vila Dosal, se pronunci\u00f3 la noche de este domingo ganador de la contienda.<\/p>\n<p>En rueda de prensa ofrecida en conocido hotel de esta ciudad., acmpa\u00f1ado de su dirigencia estatal, Vila asegur\u00f3 que lleva un 10 por ciento de ventaja sobre su contrincante pri\u00edsta, Nerio Torres Arcila.<\/p>\n<p>Preciso que con datos de sus representantes de casilla tiene una ventaja de 10% sobre el pri\u00edsta, con  el 51 por ciento de las actas contabilizadas en la ciudad, por lo que \u00abel triunfo es irreversible\u00bb.<\/p>\n<p>Los panistas realizaron esta misma noche un festejo en la sede estatal del blanquiazul.<\/p>\n","protected":false},"excerpt":{"rendered":"<p>El candidato del PAN a la alcald\u00eda de M\u00e9rida, Mauricio Vila Dosal, se pronunci\u00f3 la noche de este domingo ganador de la contienda. En rueda de prensa ofrecida en conocido<\/p>\n","protected":false},"author":1,"featured_media":29762,"comment_status":"open","ping_status":"open","sticky":false,"template":"","format":"standard","meta":{"jetpack_post_was_ever_published":false,"_jetpack_newsletter_access":"","_jetpack_dont_email_post_to_subs":false,"_jetpack_newsletter_tier_id":0,"_jetpack_memberships_contains_paywalled_content":false,"_jetpack_memberships_contains_paid_content":false,"footnotes":"","jetpack_publicize_message":"","jetpack_publicize_feature_enabled":true,"jetpack_social_post_already_shared":true,"jetpack_social_options":{"image_generator_settings":{"template":"highway","default_image_id":0,"font":"","enabled":false},"version":2}},"categories":[14,17],"tags":[],"class_list":["post-29759","post","type-post","status-publish","format-standard","has-post-thumbnail","hentry","category-merida","category-politica-y-gobierno"],"jetpack_publicize_connections":[],"jetpack_featured_media_url":"https:\/\/formalprision.com\/wp-content\/uploads\/2015\/06\/image7.jpg","jetpack_sharing_enabled":true,"jetpack_shortlink":"https:\/\/wp.me\/p6id8p-7JZ","_links":{"self":[{"href":"https:\/\/formalprision.com\/index.php?rest_route=\/wp\/v2\/posts\/29759","targetHints":{"allow":["GET"]}}],"collection":[{"href":"https:\/\/formalprision.com\/index.php?rest_route=\/wp\/v2\/posts"}],"about":[{"href":"https:\/\/formalprision.com\/index.php?rest_route=\/wp\/v2\/types\/post"}],"author":[{"embeddable":true,"href":"https:\/\/formalprision.com\/index.php?rest_route=\/wp\/v2\/users\/1"}],"replies":[{"embeddable":true,"href":"https:\/\/formalprision.com\/index.php?rest_route=%2Fwp%2Fv2%2Fcomments&post=29759"}],"version-history":[{"count":0,"href":"https:\/\/formalprision.com\/index.php?rest_route=\/wp\/v2\/posts\/29759\/revisions"}],"wp:featuredmedia":[{"embeddable":true,"href":"https:\/\/formalprision.com\/index.php?rest_route=\/wp\/v2\/media\/29762"}],"wp:attachment":[{"href":"https:\/\/formalprision.com\/index.php?rest_route=%2Fwp%2Fv2%2Fmedia&parent=29759"}],"wp:term":[{"taxonomy":"category","embeddable":true,"href":"https:\/\/formalprision.com\/index.php?rest_route=%2Fwp%2Fv2%2Fcategories&post=29759"},{"taxonomy":"post_tag","embeddable":true,"href":"https:\/\/formalprision.com\/index.php?rest_route=%2Fwp%2Fv2%2Ftags&post=29759"}],"curies":[{"name":"wp","href":"https:\/\/api.w.org\/{rel}","templated":true}]}}