{"id":29780,"date":"2015-06-08T19:44:21","date_gmt":"2015-06-08T19:44:21","guid":{"rendered":"http:\/\/formalprision.com\/?p=29780"},"modified":"2015-06-09T01:08:25","modified_gmt":"2015-06-09T01:08:25","slug":"la-fiscalia-continua-pesquisas-por-las-muertes-en-temax","status":"publish","type":"post","link":"https:\/\/formalprision.com\/?p=29780","title":{"rendered":"La Fiscal\u00eda contin\u00faa pesquisas por las muertes en Temax"},"content":{"rendered":"<p>La Fiscal\u00eda General del Estado ahonda en las pesquisas por los hechos violentos ocurridos el domingo durante la jornada electoral en Temax, hechos en los que fallecieron dos personas y otras tres resultaron lesionadas, mismas que permanecen bajo custodia en el hospital \u201cDr. Agust\u00edn O\u2019Hor\u00e1n\u201d..<\/p>\n<p>De acuerdo con el Servicio M\u00e9dico Forense (Semefo), los fallecidos son Ra\u00fal Adri\u00e1n Espinosa Pinto de 18 a\u00f1os de edad y \u00c1ngel Ignacio Mangas Balam, de 16 a\u00f1os. Ambos cuerpos presentan heridas producidas por arma de fuego.<\/p>\n<p>Tras la necropsia de ley se determin\u00f3 que la causa de muerte de Espinosa Pinto fue anemia post-hemorr\u00e1gica secundaria a perforaci\u00f3n de v\u00edscera maciza (coraz\u00f3n y pulm\u00f3n izquierdo). En el caso de Mangas Balam, se debi\u00f3 a anemia aguda post-hemorr\u00e1gica secundaria a perforaci\u00f3n de pulmones izquierdo y derecho.<\/p>\n<p>Por lo que toca a los lesionados, se report\u00f3 el ingreso hospitalario de Roberto Poot Moo, de 28 a\u00f1os de edad, quien tiene alojado un perdig\u00f3n en el pulm\u00f3n derecho, y de Ley Yoshiki Ek, de 26 a\u00f1os, con herida en la oreja izquierda.<\/p>\n<p>Tambi\u00e9n fue hospitalizado C\u00e9sar Adri\u00e1n L\u00f3pez Acosta de 21 a\u00f1os, a quien se le detect\u00f3 alojamiento de perdig\u00f3n en la regi\u00f3n mastoidea izquierda.<br \/>\nLa SSP detuvo a dos sujetos por estos hechos, mismos que est\u00e1n bajo disposici\u00f3n de la Fiscal\u00eda, lo mismo que los otros tres heridos, pues aun no se determina su participaci\u00f3n exacta totalmente. <\/p>\n","protected":false},"excerpt":{"rendered":"<p>La Fiscal\u00eda General del Estado ahonda en las pesquisas por los hechos violentos ocurridos el domingo durante la jornada electoral en Temax, hechos en los que fallecieron dos personas y<\/p>\n","protected":false},"author":1,"featured_media":29781,"comment_status":"open","ping_status":"open","sticky":false,"template":"","format":"standard","meta":{"jetpack_post_was_ever_published":false,"_jetpack_newsletter_access":"","_jetpack_dont_email_post_to_subs":false,"_jetpack_newsletter_tier_id":0,"_jetpack_memberships_contains_paywalled_content":false,"_jetpack_memberships_contains_paid_content":false,"footnotes":"","jetpack_publicize_message":"","jetpack_publicize_feature_enabled":true,"jetpack_social_post_already_shared":true,"jetpack_social_options":{"image_generator_settings":{"template":"highway","default_image_id":0,"font":"","enabled":false},"version":2}},"categories":[1,54],"tags":[],"class_list":["post-29780","post","type-post","status-publish","format-standard","has-post-thumbnail","hentry","category-sin-categoria","category-yucatan"],"jetpack_publicize_connections":[],"jetpack_featured_media_url":"https:\/\/formalprision.com\/wp-content\/uploads\/2015\/06\/image10.jpg","jetpack_sharing_enabled":true,"jetpack_shortlink":"https:\/\/wp.me\/p6id8p-7Kk","_links":{"self":[{"href":"https:\/\/formalprision.com\/index.php?rest_route=\/wp\/v2\/posts\/29780","targetHints":{"allow":["GET"]}}],"collection":[{"href":"https:\/\/formalprision.com\/index.php?rest_route=\/wp\/v2\/posts"}],"about":[{"href":"https:\/\/formalprision.com\/index.php?rest_route=\/wp\/v2\/types\/post"}],"author":[{"embeddable":true,"href":"https:\/\/formalprision.com\/index.php?rest_route=\/wp\/v2\/users\/1"}],"replies":[{"embeddable":true,"href":"https:\/\/formalprision.com\/index.php?rest_route=%2Fwp%2Fv2%2Fcomments&post=29780"}],"version-history":[{"count":0,"href":"https:\/\/formalprision.com\/index.php?rest_route=\/wp\/v2\/posts\/29780\/revisions"}],"wp:featuredmedia":[{"embeddable":true,"href":"https:\/\/formalprision.com\/index.php?rest_route=\/wp\/v2\/media\/29781"}],"wp:attachment":[{"href":"https:\/\/formalprision.com\/index.php?rest_route=%2Fwp%2Fv2%2Fmedia&parent=29780"}],"wp:term":[{"taxonomy":"category","embeddable":true,"href":"https:\/\/formalprision.com\/index.php?rest_route=%2Fwp%2Fv2%2Fcategories&post=29780"},{"taxonomy":"post_tag","embeddable":true,"href":"https:\/\/formalprision.com\/index.php?rest_route=%2Fwp%2Fv2%2Ftags&post=29780"}],"curies":[{"name":"wp","href":"https:\/\/api.w.org\/{rel}","templated":true}]}}