{"id":29811,"date":"2015-06-09T05:27:47","date_gmt":"2015-06-09T05:27:47","guid":{"rendered":"http:\/\/formalprision.com\/?p=29811"},"modified":"2015-06-09T18:19:02","modified_gmt":"2015-06-09T18:19:02","slug":"se-derrumba-el-techo-de-una-casa-y-mata-a-un-bebe","status":"publish","type":"post","link":"https:\/\/formalprision.com\/?p=29811","title":{"rendered":"Se derrumba el techo de una casa y mata a un beb\u00e9"},"content":{"rendered":"<p>En la localidad de El Veranito, a 15 kil\u00f3metros al norte de Sinaloa, un el techo de una casa se derrumb\u00f3, lo que acab\u00f3 con la vida de un beb\u00e9 de cinco meses.<\/p>\n<p>Los padres salieron de la casa durante la madrugada para iniciar sus tareas cuando el techo, sostenido por unas vigas, se cay\u00f3. Al percatarse de este incidente, buscaron a su hijo entre los escombros. Al encontrar el cuerpo se trasladaron al Hospital de la Sierra, pero el beb\u00e9 ya estaba muerto.<\/p>\n<p>Agentes de la polic\u00eda investigaron el hecho. Los vecinos reportaron que las fuertes lluvias que de los \u00faltimos d\u00edas pudieron ablandar la tierra, lo que propici\u00f3 que las vigas que soportaban el techo se venciera.<\/p>\n<p><em>Con informaci\u00f3n de El Debate y lopezdoriga.com<\/em><\/p>\n","protected":false},"excerpt":{"rendered":"<p>En la localidad de El Veranito, a 15 kil\u00f3metros al norte de Sinaloa, un el techo de una casa se derrumb\u00f3, lo que acab\u00f3 con la vida de un beb\u00e9<\/p>\n","protected":false},"author":1,"featured_media":29813,"comment_status":"open","ping_status":"open","sticky":false,"template":"","format":"standard","meta":{"jetpack_post_was_ever_published":false,"_jetpack_newsletter_access":"","_jetpack_dont_email_post_to_subs":false,"_jetpack_newsletter_tier_id":0,"_jetpack_memberships_contains_paywalled_content":false,"_jetpack_memberships_contains_paid_content":false,"footnotes":"","jetpack_publicize_message":"","jetpack_publicize_feature_enabled":true,"jetpack_social_post_already_shared":true,"jetpack_social_options":{"image_generator_settings":{"template":"highway","default_image_id":0,"font":"","enabled":false},"version":2}},"categories":[23,1],"tags":[76,77,75],"class_list":["post-29811","post","type-post","status-publish","format-standard","has-post-thumbnail","hentry","category-del-mundo","category-sin-categoria","tag-bebe","tag-derrumbe","tag-muerte"],"jetpack_publicize_connections":[],"jetpack_featured_media_url":"https:\/\/formalprision.com\/wp-content\/uploads\/2015\/06\/bebe.jpg","jetpack_sharing_enabled":true,"jetpack_shortlink":"https:\/\/wp.me\/p6id8p-7KP","_links":{"self":[{"href":"https:\/\/formalprision.com\/index.php?rest_route=\/wp\/v2\/posts\/29811","targetHints":{"allow":["GET"]}}],"collection":[{"href":"https:\/\/formalprision.com\/index.php?rest_route=\/wp\/v2\/posts"}],"about":[{"href":"https:\/\/formalprision.com\/index.php?rest_route=\/wp\/v2\/types\/post"}],"author":[{"embeddable":true,"href":"https:\/\/formalprision.com\/index.php?rest_route=\/wp\/v2\/users\/1"}],"replies":[{"embeddable":true,"href":"https:\/\/formalprision.com\/index.php?rest_route=%2Fwp%2Fv2%2Fcomments&post=29811"}],"version-history":[{"count":0,"href":"https:\/\/formalprision.com\/index.php?rest_route=\/wp\/v2\/posts\/29811\/revisions"}],"wp:featuredmedia":[{"embeddable":true,"href":"https:\/\/formalprision.com\/index.php?rest_route=\/wp\/v2\/media\/29813"}],"wp:attachment":[{"href":"https:\/\/formalprision.com\/index.php?rest_route=%2Fwp%2Fv2%2Fmedia&parent=29811"}],"wp:term":[{"taxonomy":"category","embeddable":true,"href":"https:\/\/formalprision.com\/index.php?rest_route=%2Fwp%2Fv2%2Fcategories&post=29811"},{"taxonomy":"post_tag","embeddable":true,"href":"https:\/\/formalprision.com\/index.php?rest_route=%2Fwp%2Fv2%2Ftags&post=29811"}],"curies":[{"name":"wp","href":"https:\/\/api.w.org\/{rel}","templated":true}]}}