{"id":29814,"date":"2015-06-09T05:34:19","date_gmt":"2015-06-09T05:34:19","guid":{"rendered":"http:\/\/formalprision.com\/?p=29814"},"modified":"2015-06-09T05:34:19","modified_gmt":"2015-06-09T05:34:19","slug":"oscar-pistorius-saldra-de-la-carcel","status":"publish","type":"post","link":"https:\/\/formalprision.com\/?p=29814","title":{"rendered":"Oscar Pistorius saldr\u00e1 de la c\u00e1rcel"},"content":{"rendered":"<p>El atleta paral\u00edmpico Oscar Pistorius, condenado a cinco a\u00f1os de c\u00e1rcel por matar a su novia en 2013, saldr\u00e1 de prisi\u00f3n el 21 de agosto.<\/p>\n<p>En una primera etapa, el sudafricano estar\u00e1 bajo arresto domiciliario con una hora de libertad diaria.<\/p>\n<p>Si todo marcha bien, el tiempo de libertad cotidiana ser\u00e1 aumentado progresivamente.<\/p>\n<p>Seg\u00fan el abogado David Dadic, Pistorius podr\u00eda ir a casa de un familiar cercano.<\/p>\n<p>\u201cImagino que ir\u00e1 a casa de su t\u00edo Arnie, que es una multimillonaria mansi\u00f3n en Pretoria. Puede que si se queda en mi casa ser\u00eda algo m\u00e1s dif\u00edcil y no muy c\u00f3modo, pero en la casa del t\u00edo Arnie habr\u00e1 mucho m\u00e1s espacio, un jard\u00edn bonito, una piscina. No podr\u00e1 salir de las instalaciones, as\u00ed que estoy seguro que ser\u00e1 muy dif\u00edcil\u201d, se\u00f1ala el letrado.<\/p>\n<p>El deportista fue condenado el 21 de octubre pasado, por lo que habr\u00e1 pasado diez meses en la c\u00e1rcel, el tiempo m\u00ednimo.<\/p>\n<p>De ah\u00ed hasta el final de su condena de cinco a\u00f1os estar\u00e1 en r\u00e9gimen de libertad vigilada.<\/p>\n<p>No obstante, la pena podr\u00eda ser modificada tras la apelaci\u00f3n de la acusaci\u00f3n, con riesgo de una sentencia m\u00e1s dura.<\/p>\n<p><em>Con informaci\u00f3n de Publ\u00edmetro<\/em><\/p>\n","protected":false},"excerpt":{"rendered":"<p>El atleta paral\u00edmpico Oscar Pistorius, condenado a cinco a\u00f1os de c\u00e1rcel por matar a su novia en 2013, saldr\u00e1 de prisi\u00f3n el 21 de agosto. En una primera etapa, el<\/p>\n","protected":false},"author":1,"featured_media":29816,"comment_status":"open","ping_status":"open","sticky":false,"template":"","format":"standard","meta":{"jetpack_post_was_ever_published":false,"_jetpack_newsletter_access":"","_jetpack_dont_email_post_to_subs":false,"_jetpack_newsletter_tier_id":0,"_jetpack_memberships_contains_paywalled_content":false,"_jetpack_memberships_contains_paid_content":false,"footnotes":"","jetpack_publicize_message":"","jetpack_publicize_feature_enabled":true,"jetpack_social_post_already_shared":true,"jetpack_social_options":{"image_generator_settings":{"template":"highway","default_image_id":0,"font":"","enabled":false},"version":2}},"categories":[4,1],"tags":[],"class_list":["post-29814","post","type-post","status-publish","format-standard","has-post-thumbnail","hentry","category-deportes","category-sin-categoria"],"jetpack_publicize_connections":[],"jetpack_featured_media_url":"https:\/\/formalprision.com\/wp-content\/uploads\/2015\/06\/pisto.jpg","jetpack_sharing_enabled":true,"jetpack_shortlink":"https:\/\/wp.me\/p6id8p-7KS","_links":{"self":[{"href":"https:\/\/formalprision.com\/index.php?rest_route=\/wp\/v2\/posts\/29814","targetHints":{"allow":["GET"]}}],"collection":[{"href":"https:\/\/formalprision.com\/index.php?rest_route=\/wp\/v2\/posts"}],"about":[{"href":"https:\/\/formalprision.com\/index.php?rest_route=\/wp\/v2\/types\/post"}],"author":[{"embeddable":true,"href":"https:\/\/formalprision.com\/index.php?rest_route=\/wp\/v2\/users\/1"}],"replies":[{"embeddable":true,"href":"https:\/\/formalprision.com\/index.php?rest_route=%2Fwp%2Fv2%2Fcomments&post=29814"}],"version-history":[{"count":0,"href":"https:\/\/formalprision.com\/index.php?rest_route=\/wp\/v2\/posts\/29814\/revisions"}],"wp:featuredmedia":[{"embeddable":true,"href":"https:\/\/formalprision.com\/index.php?rest_route=\/wp\/v2\/media\/29816"}],"wp:attachment":[{"href":"https:\/\/formalprision.com\/index.php?rest_route=%2Fwp%2Fv2%2Fmedia&parent=29814"}],"wp:term":[{"taxonomy":"category","embeddable":true,"href":"https:\/\/formalprision.com\/index.php?rest_route=%2Fwp%2Fv2%2Fcategories&post=29814"},{"taxonomy":"post_tag","embeddable":true,"href":"https:\/\/formalprision.com\/index.php?rest_route=%2Fwp%2Fv2%2Ftags&post=29814"}],"curies":[{"name":"wp","href":"https:\/\/api.w.org\/{rel}","templated":true}]}}