{"id":2989,"date":"2014-06-24T22:15:00","date_gmt":"2014-06-24T22:15:00","guid":{"rendered":"http:\/\/formalprision.info\/2014\/06\/24\/ciudadano-de-dinamarca-se-suicida-en-se\/"},"modified":"2015-06-03T08:37:07","modified_gmt":"2015-06-03T08:37:07","slug":"ciudadano-de-dinamarca-se-suicida-en-se","status":"publish","type":"post","link":"https:\/\/formalprision.com\/?p=2989","title":{"rendered":"Ciudadano de Dinamarca se suicida en su casa de Chuburn\u00e1"},"content":{"rendered":"<div style=\"font-family: Noteworthy; font-size: 20px; font-weight: bold; line-height: 26px; -webkit-tap-highlight-color: rgba(26, 26, 26, 0.296875); -webkit-composition-fill-color: rgba(130, 98, 83, 0.0976563); -webkit-composition-frame-color: rgba(191, 107, 82, 0.496094); \">\n<div>Un ciudadano de Dinamarca radicado en M\u00e9rida presuntamente se suicid\u00f3 este d\u00eda en su casa del fraccionamiento Las Tulias, en Chuburn\u00e1.<\/div>\n<div>El occiso fue identificado como Peter De la Coure, de 70 a\u00f1os, oriundo de Dinamarca, quien fue encontrado colgado &nbsp;de una columna en la puerta principal de su domicilio.<\/div>\n<div>Los hechos ocurrieron en el predio 279 de la calle 19 por 32 de ese fraccionamiento.<\/div>\n<div>Rodrigo Rodr\u00edguez Gonz\u00e1lez, amigo del occiso, descubri\u00f3 el cad\u00e1ver y dio parte a las autoridades.<\/div>\n<div>Rodr\u00edguez Gonz\u00e1lez dijo que el dan\u00e9s le envi\u00f3 un &nbsp;correo electr\u00f3nico en el que le dec\u00eda que se sent\u00eda s\u00f3lo y \u00abestoy deprimido y me voy a matar\u00bb.<\/div>\n<div>El amigo vio el mensaje a las 5 de la ma\u00f1ana y le marc\u00f3, pero como no respondi\u00f3 fue a verlo a la casa, hallando al extranjero colgado.<\/p>\n<div class=\"separator\" style=\"clear: both;\"><a href=\"https:\/\/lh6.googleusercontent.com\/-8QBWnLo_ZvM\/U6n4ZCKQ6eI\/AAAAAAAAh1M\/1IxK_D1muoQ\/s640\/blogger-image--385521863.jpg\" imageanchor=\"1\" style=\"margin-left: 1em; margin-right: 1em;\"><img decoding=\"async\" border=\"0\" src=\"https:\/\/lh6.googleusercontent.com\/-8QBWnLo_ZvM\/U6n4ZCKQ6eI\/AAAAAAAAh1M\/1IxK_D1muoQ\/s640\/blogger-image--385521863.jpg\"><\/a><\/div>\n<\/div>\n<div><\/div>\n<\/div>\n","protected":false},"excerpt":{"rendered":"<p>Un ciudadano de Dinamarca radicado en M\u00e9rida presuntamente se suicid\u00f3 este d\u00eda en su casa del fraccionamiento Las Tulias, en Chuburn\u00e1. El occiso fue identificado como Peter De la Coure,<\/p>\n","protected":false},"author":1,"featured_media":16089,"comment_status":"open","ping_status":"open","sticky":false,"template":"","format":"standard","meta":{"jetpack_post_was_ever_published":false,"_jetpack_newsletter_access":"","_jetpack_dont_email_post_to_subs":false,"_jetpack_newsletter_tier_id":0,"_jetpack_memberships_contains_paywalled_content":false,"_jetpack_memberships_contains_paid_content":false,"footnotes":"","jetpack_publicize_message":"","jetpack_publicize_feature_enabled":true,"jetpack_social_post_already_shared":false,"jetpack_social_options":{"image_generator_settings":{"template":"highway","default_image_id":0,"font":"","enabled":false},"version":2}},"categories":[8,3,1],"tags":[],"class_list":["post-2989","post","type-post","status-publish","format-standard","has-post-thumbnail","hentry","category-noticias-variadas","category-portada","category-sin-categoria"],"jetpack_publicize_connections":[],"jetpack_featured_media_url":"https:\/\/formalprision.com\/wp-content\/uploads\/2014\/06\/blogger-image-385521863.jpg","jetpack_sharing_enabled":true,"jetpack_shortlink":"https:\/\/wp.me\/p6id8p-Md","_links":{"self":[{"href":"https:\/\/formalprision.com\/index.php?rest_route=\/wp\/v2\/posts\/2989","targetHints":{"allow":["GET"]}}],"collection":[{"href":"https:\/\/formalprision.com\/index.php?rest_route=\/wp\/v2\/posts"}],"about":[{"href":"https:\/\/formalprision.com\/index.php?rest_route=\/wp\/v2\/types\/post"}],"author":[{"embeddable":true,"href":"https:\/\/formalprision.com\/index.php?rest_route=\/wp\/v2\/users\/1"}],"replies":[{"embeddable":true,"href":"https:\/\/formalprision.com\/index.php?rest_route=%2Fwp%2Fv2%2Fcomments&post=2989"}],"version-history":[{"count":0,"href":"https:\/\/formalprision.com\/index.php?rest_route=\/wp\/v2\/posts\/2989\/revisions"}],"wp:featuredmedia":[{"embeddable":true,"href":"https:\/\/formalprision.com\/index.php?rest_route=\/wp\/v2\/media\/16089"}],"wp:attachment":[{"href":"https:\/\/formalprision.com\/index.php?rest_route=%2Fwp%2Fv2%2Fmedia&parent=2989"}],"wp:term":[{"taxonomy":"category","embeddable":true,"href":"https:\/\/formalprision.com\/index.php?rest_route=%2Fwp%2Fv2%2Fcategories&post=2989"},{"taxonomy":"post_tag","embeddable":true,"href":"https:\/\/formalprision.com\/index.php?rest_route=%2Fwp%2Fv2%2Ftags&post=2989"}],"curies":[{"name":"wp","href":"https:\/\/api.w.org\/{rel}","templated":true}]}}