{"id":2990,"date":"2014-06-24T21:54:00","date_gmt":"2014-06-24T21:54:00","guid":{"rendered":"http:\/\/formalprision.info\/2014\/06\/24\/presentan-segunda-edicion-del-programa\/"},"modified":"2015-06-03T08:37:08","modified_gmt":"2015-06-03T08:37:08","slug":"presentan-segunda-edicion-del-programa","status":"publish","type":"post","link":"https:\/\/formalprision.com\/?p=2990","title":{"rendered":"Presentan segunda edici\u00f3n del programa Bienestar en Vacaciones"},"content":{"rendered":"<div style=\"font-family: Noteworthy; font-size: 20px; font-weight: bold; line-height: 26px; -webkit-tap-highlight-color: rgba(26, 26, 26, 0.296875); -webkit-composition-fill-color: rgba(130, 98, 83, 0.0976563); -webkit-composition-frame-color: rgba(191, 107, 82, 0.496094); \">\n<div>M\u00e9rida, Yucat\u00e1n, 24 de junio de 2014.- Por segundo a\u00f1o consecutivo el programa Bienestar en Vacaciones ser\u00e1 una opci\u00f3n para que ni\u00f1as y ni\u00f1os de la entidad puedan convivir en actividades deportivas, art\u00edsticas y culturales, a fin de desarrollar sus talentos y fortalecer el tejido social. &nbsp;&nbsp;<\/div>\n<div>El Gobernador Rolando Zapata Bello encabez\u00f3 la presentaci\u00f3n de este esquema que se realizar\u00e1 del 21 de julio al 8 de agosto en 23 sedes de la ciudad de M\u00e9rida y 24 del interior del estado, esperando registrar la participaci\u00f3n de m\u00e1s de 20 mil infantes.<\/div>\n<div>Al dirigir un mensaje durante el evento realizado en el estadio \u201cGeneral Salvador Alvarado\u201d, el titular del Poder Ejecutivo destac\u00f3 que el objetivo de este plan es impulsar un desarrollo integral y la inclusi\u00f3n social de los peque\u00f1os a trav\u00e9s de la pr\u00e1ctica de actividades art\u00edsticas y deportivas.<\/div>\n<div>Acompa\u00f1ado de la Presidenta del Sistema para el Desarrollo Integral de la Familia (DIF) estatal, Sarita Blancarte de Zapata, el mandatario se\u00f1al\u00f3 que el programa pretende garantizar que los ni\u00f1os tengan espacios de diversi\u00f3n que les den momentos felices y de sano desarrollo, adem\u00e1s de apoyar a los padres que no cuentan con d\u00edas de asueto durante las vacaciones escolares.<\/div>\n<div>En presencia de infantes, representantes del sector privado, acad\u00e9micos, as\u00ed como autoridades estatales y federales, Zapata Bello asegur\u00f3 que la nueva edici\u00f3n superar\u00e1 a la del a\u00f1o pasado, cuando se detectaron alrededor de 50 talentos deportivos que ya entrenan en la modalidad de alto rendimiento y adem\u00e1s participaron en la Olimpiada Nacional.<\/div>\n<div>Las inscripciones para este programa iniciar\u00e1n el pr\u00f3ximo lunes 30 de junio a partir de las ocho de la ma\u00f1ana en las sedes participantes, que incluyen unidades deportivas, gimnasios, centros culturales e instituciones educativas ubicadas en diferentes colonias de la ciudad de M\u00e9rida. &nbsp;&nbsp;<\/div>\n<div>En esta ocasi\u00f3n participan los municipios de Progreso y Tekax con dos sedes cada uno, adem\u00e1s de Motul, Hunucm\u00e1, Ticul, Kinchil, Valladolid, Tizim\u00edn, Chochol\u00e1, Temax, Um\u00e1n, Kanas\u00edn, Izamal, Muna, Conkal, Peto, Espita, Teya, Celest\u00fan, Telchac Puerto, Hoct\u00fan y Maxcan\u00fa.<\/div>\n<div>El esquema est\u00e1 dirigido a ni\u00f1os y ni\u00f1as de 6 a 13 a\u00f1os de edad. Para registrarse deben presentar una copia del acta de nacimiento y del comprobante de domicilio, dos fotograf\u00edas tama\u00f1o infantil del participante y del padre o tutor, as\u00ed como llenar el formato correspondiente.<\/div>\n<div>Por su parte, el titular de la Secretar\u00eda de Desarrollo Social, Nerio Torres Arcila, destac\u00f3 que Bienestar en Vacaciones fortalece a la comunidad porque propicia la convivencia entre los peque\u00f1os. &nbsp;Adem\u00e1s, inform\u00f3 que los d\u00edas 1 y 2 de agosto se realizar\u00e1 la Miniolimpiada para detectar nuevos talentos deportivos, al igual que en la edici\u00f3n anterior.<\/div>\n<div>Cabe mencionar que representantes de la Secretar\u00eda de Obras P\u00fablicas estar\u00e1n al pendiente de la infraestructura de los diferentes puntos de reuni\u00f3n, para ofrecer instalaciones adecuadas y seguras a los participantes. &nbsp;<\/div>\n<div>Al evento asistieron el director del Instituto del Deporte del Estado de Yucat\u00e1n, Juan Sosa Puerto; los secretarios de la Cultura y las Artes, Roger Metri Duarte, y de Obras P\u00fablicas, Daniel Quintal Ic; as\u00ed como el delegado de Instituto Mexicano del Seguro Social, Jorge M\u00e9ndez Vales<\/div>\n<div>Tambi\u00e9n, el director General del DIF Yucat\u00e1n, Limber Sosa Lara; y los rectores de la Universidad Tecnol\u00f3gica Metropolitana, Ariel Aldecua Kuk, y de la Universidad Mesoamericana de San Agust\u00edn, Mar\u00eda Sansores Ruz.&nbsp;<\/p>\n<div class=\"separator\" style=\"clear: both;\"><a href=\"https:\/\/lh4.googleusercontent.com\/-HzD8KTzhP08\/U6nzkqA8jmI\/AAAAAAAAh1A\/e0xSis9RUIw\/s640\/blogger-image--499100041.jpg\" imageanchor=\"1\" style=\"margin-left: 1em; margin-right: 1em;\"><img decoding=\"async\" border=\"0\" src=\"https:\/\/lh4.googleusercontent.com\/-HzD8KTzhP08\/U6nzkqA8jmI\/AAAAAAAAh1A\/e0xSis9RUIw\/s640\/blogger-image--499100041.jpg\"><\/a><\/div>\n<\/div>\n<div><\/div>\n<div><\/div>\n<\/div>\n","protected":false},"excerpt":{"rendered":"<p>M\u00e9rida, Yucat\u00e1n, 24 de junio de 2014.- Por segundo a\u00f1o consecutivo el programa Bienestar en Vacaciones ser\u00e1 una opci\u00f3n para que ni\u00f1as y ni\u00f1os de la entidad puedan convivir en<\/p>\n","protected":false},"author":1,"featured_media":16091,"comment_status":"open","ping_status":"open","sticky":false,"template":"","format":"standard","meta":{"jetpack_post_was_ever_published":false,"_jetpack_newsletter_access":"","_jetpack_dont_email_post_to_subs":false,"_jetpack_newsletter_tier_id":0,"_jetpack_memberships_contains_paywalled_content":false,"_jetpack_memberships_contains_paid_content":false,"footnotes":"","jetpack_publicize_message":"","jetpack_publicize_feature_enabled":true,"jetpack_social_post_already_shared":false,"jetpack_social_options":{"image_generator_settings":{"template":"highway","default_image_id":0,"font":"","enabled":false},"version":2}},"categories":[17,1],"tags":[],"class_list":["post-2990","post","type-post","status-publish","format-standard","has-post-thumbnail","hentry","category-politica-y-gobierno","category-sin-categoria"],"jetpack_publicize_connections":[],"jetpack_featured_media_url":"https:\/\/formalprision.com\/wp-content\/uploads\/2014\/06\/blogger-image-499100041.jpg","jetpack_sharing_enabled":true,"jetpack_shortlink":"https:\/\/wp.me\/p6id8p-Me","_links":{"self":[{"href":"https:\/\/formalprision.com\/index.php?rest_route=\/wp\/v2\/posts\/2990","targetHints":{"allow":["GET"]}}],"collection":[{"href":"https:\/\/formalprision.com\/index.php?rest_route=\/wp\/v2\/posts"}],"about":[{"href":"https:\/\/formalprision.com\/index.php?rest_route=\/wp\/v2\/types\/post"}],"author":[{"embeddable":true,"href":"https:\/\/formalprision.com\/index.php?rest_route=\/wp\/v2\/users\/1"}],"replies":[{"embeddable":true,"href":"https:\/\/formalprision.com\/index.php?rest_route=%2Fwp%2Fv2%2Fcomments&post=2990"}],"version-history":[{"count":0,"href":"https:\/\/formalprision.com\/index.php?rest_route=\/wp\/v2\/posts\/2990\/revisions"}],"wp:featuredmedia":[{"embeddable":true,"href":"https:\/\/formalprision.com\/index.php?rest_route=\/wp\/v2\/media\/16091"}],"wp:attachment":[{"href":"https:\/\/formalprision.com\/index.php?rest_route=%2Fwp%2Fv2%2Fmedia&parent=2990"}],"wp:term":[{"taxonomy":"category","embeddable":true,"href":"https:\/\/formalprision.com\/index.php?rest_route=%2Fwp%2Fv2%2Fcategories&post=2990"},{"taxonomy":"post_tag","embeddable":true,"href":"https:\/\/formalprision.com\/index.php?rest_route=%2Fwp%2Fv2%2Ftags&post=2990"}],"curies":[{"name":"wp","href":"https:\/\/api.w.org\/{rel}","templated":true}]}}