{"id":2991,"date":"2014-06-24T17:44:00","date_gmt":"2014-06-24T17:44:00","guid":{"rendered":"http:\/\/formalprision.info\/2014\/06\/24\/conmemoran-dia-internacional-de\/"},"modified":"2015-06-03T08:37:08","modified_gmt":"2015-06-03T08:37:08","slug":"conmemoran-dia-internacional-de","status":"publish","type":"post","link":"https:\/\/formalprision.com\/?p=2991","title":{"rendered":"Conmemoran D\u00eda Internacional del Socorrista"},"content":{"rendered":"<div style=\"font-family: Noteworthy; font-size: 20px; font-weight: bold; line-height: 26px; -webkit-tap-highlight-color: rgba(26, 26, 26, 0.296875); -webkit-composition-fill-color: rgba(130, 98, 83, 0.0976563); -webkit-composition-frame-color: rgba(191, 107, 82, 0.496094); \">M\u00e9rida, Yucat\u00e1n, 24 de junio de 2014.- Al conmemorarse el D\u00eda Internacional del Socorrista, el titular del Poder Ejecutivo, Rolando Zapata Bello, asegur\u00f3 que el Gobierno del Estado continuar\u00e1 desarrollando mecanismos integrales de protecci\u00f3n civil en la entidad, fortaleciendo el equipamiento y la infraestructura de los param\u00e9dicos e integrando a la sociedad en las acciones de prevenci\u00f3n y respuesta que se realizan en el territorio.<\/div>\n<div style=\"font-family: Noteworthy; font-size: 20px; font-weight: bold; line-height: 26px; -webkit-tap-highlight-color: rgba(26, 26, 26, 0.296875); -webkit-composition-fill-color: rgba(130, 98, 83, 0.0976563); -webkit-composition-frame-color: rgba(191, 107, 82, 0.496094); \">Acompa\u00f1ado del secretario General de Gobierno, V\u00edctor Caballero Dur\u00e1n, el mandatario entreg\u00f3 reconocimientos a los param\u00e9dicos Alejandra Ek S\u00e1nchez, Augusto Nah Uitz, Javier de Jes\u00fas S\u00e1nchez Couoh, Jorge Antonio Canul Chabl\u00e9, &nbsp;Marbella Gonz\u00e1lez Can, Gaspar Dzul Eu\u00e1n y Baltazar Dzul Eu\u00e1n por 10, 15 y 25 a\u00f1os de atenci\u00f3n a la sociedad yucateca.<\/div>\n<div style=\"font-family: Noteworthy; font-size: 20px; font-weight: bold; line-height: 26px; -webkit-tap-highlight-color: rgba(26, 26, 26, 0.296875); -webkit-composition-fill-color: rgba(130, 98, 83, 0.0976563); -webkit-composition-frame-color: rgba(191, 107, 82, 0.496094); \">\u201cReconocer a los socorristas es reconocer una vocaci\u00f3n de servicio, compromiso y solidaridad. Ustedes son nuestra primera l\u00ednea de defensa y de respuesta. Y no podr\u00edamos estar en mejores manos, porque sabemos de su profesionalismo\u201d, enfatiz\u00f3.<\/div>\n<div style=\"font-family: Noteworthy; font-size: 20px; font-weight: bold; line-height: 26px; -webkit-tap-highlight-color: rgba(26, 26, 26, 0.296875); -webkit-composition-fill-color: rgba(130, 98, 83, 0.0976563); -webkit-composition-frame-color: rgba(191, 107, 82, 0.496094); \">Ante socorristas, elementos de la Secretar\u00eda de Seguridad P\u00fablica (SSP), y funcionarios estatales y federales, Zapata Bello resalt\u00f3 que es necesario que la sociedad contribuya a la labor que realizan los param\u00e9dicos. Por ello se continuar\u00e1 con el impulso a la cultura de la prevenci\u00f3n, a fin de reducir el n\u00famero de accidentes, lesiones y muertes en carreteras.<\/div>\n<div style=\"font-family: Noteworthy; font-size: 20px; font-weight: bold; line-height: 26px; -webkit-tap-highlight-color: rgba(26, 26, 26, 0.296875); -webkit-composition-fill-color: rgba(130, 98, 83, 0.0976563); -webkit-composition-frame-color: rgba(191, 107, 82, 0.496094); \">Lo debemos hacer con total responsabilidad, las autoridades vigilando que las condiciones de tr\u00e1nsito sean \u00f3ptimas y se\u00f1alando las conductas indebidas. Mientras a los ciudadanos les corresponde la responsabilidad de tener conciencia al volante, y conducir de acuerdo con los reglamentos y con la voluntad de llegar a su destino con bien, expres\u00f3.<\/div>\n<div style=\"font-family: Noteworthy; font-size: 20px; font-weight: bold; line-height: 26px; -webkit-tap-highlight-color: rgba(26, 26, 26, 0.296875); -webkit-composition-fill-color: rgba(130, 98, 83, 0.0976563); -webkit-composition-frame-color: rgba(191, 107, 82, 0.496094); \">En su turno, el titular de la SSP destac\u00f3 que los 131 t\u00e9cnicos en urgencias m\u00e9dicas de la dependencia est\u00e1n en capacitaci\u00f3n continua para que sus conocimientos y habilidades est\u00e9n a la altura de las necesidades y expectativas de la comunidad.<\/div>\n<div style=\"font-family: Noteworthy; font-size: 20px; font-weight: bold; line-height: 26px; -webkit-tap-highlight-color: rgba(26, 26, 26, 0.296875); -webkit-composition-fill-color: rgba(130, 98, 83, 0.0976563); -webkit-composition-frame-color: rgba(191, 107, 82, 0.496094); \">\u00abEn Yucat\u00e1n se fomenta y promueve la capacitaci\u00f3n y el equipamiento de sus cuerpos de emergencia. Por ello nos orgullece constatar que la sociedad reconoce y agradece todo lo que hacen desde que abordan sus ambulancias\u00bb, subray\u00f3 Said\u00e9n Ojeda.<\/div>\n<div style=\"font-family: Noteworthy; font-size: 20px; font-weight: bold; line-height: 26px; -webkit-tap-highlight-color: rgba(26, 26, 26, 0.296875); -webkit-composition-fill-color: rgba(130, 98, 83, 0.0976563); -webkit-composition-frame-color: rgba(191, 107, 82, 0.496094); \">Al hacer uso de la palabra, el coordinador Operativo de Urgencias M\u00e9dicas, &nbsp;Santiago Massa Ramos, se\u00f1al\u00f3 que durante el 2013 se atendieron 17 mil 867 solicitudes de auxilio de todo el estado y en lo que va del a\u00f1o se han ofrecido 10 mil 848 servicios a la poblaci\u00f3n yucateca.&nbsp;<\/div>\n<div style=\"font-family: Noteworthy; font-size: 20px; font-weight: bold; line-height: 26px; -webkit-tap-highlight-color: rgba(26, 26, 26, 0.296875); -webkit-composition-fill-color: rgba(130, 98, 83, 0.0976563); -webkit-composition-frame-color: rgba(191, 107, 82, 0.496094); \">Durante el acto se detall\u00f3 que la SSP cuenta con un total de 131 param\u00e9dicos, de los cuales 83 operan en la ciudad de M\u00e9rida y los otros 48 se encuentran distribuidos en los municipios de Izamal, Valladolid, Tizim\u00edn, &nbsp;Temax, Dzemul, &nbsp;Um\u00e1n, Hunucm\u00e1, Acanceh, Teabo, Peto, Maxcan\u00fa y Oxkutzcab.<\/div>\n<div style=\"font-family: Noteworthy; font-size: 20px; font-weight: bold; line-height: 26px; -webkit-tap-highlight-color: rgba(26, 26, 26, 0.296875); -webkit-composition-fill-color: rgba(130, 98, 83, 0.0976563); -webkit-composition-frame-color: rgba(191, 107, 82, 0.496094); \">El equipo de param\u00e9dicos trabaja con 30 ambulancias que tienen lo necesario para prestar atenci\u00f3n pre-hospitalaria avanzada, con equipamiento para terapia el\u00e9ctrica y monitoreo de signos vitales, capnograf\u00eda, medici\u00f3n de presi\u00f3n arterial y para el manejo integral de trauma. Tambi\u00e9n se cuenta con marcapasos externos y ventilador volum\u00e9trico.<\/div>\n<div style=\"font-family: Noteworthy; font-size: 20px; font-weight: bold; line-height: 26px; -webkit-tap-highlight-color: rgba(26, 26, 26, 0.296875); -webkit-composition-fill-color: rgba(130, 98, 83, 0.0976563); -webkit-composition-frame-color: rgba(191, 107, 82, 0.496094); \">Asistieron al evento, &nbsp;el presidente de la Junta de Gobierno y Coordinaci\u00f3n Pol\u00edtica del Congreso local, Luis Hevia Jim\u00e9nez; el secretario Ejecutivo del Consejo Estatal de Seguridad P\u00fablica, Carlos Mart\u00edn Pacheco Medina; y los subsecretarios de Seguridad Ciudadana, Emilio Fernando Zacar\u00edas Laines; y de Servicios Viales, Mart\u00edn Inurreta Dom\u00ednguez.<\/div>\n<div>\n<div class=\"separator\" style=\"clear: both;\"><a href=\"https:\/\/lh5.googleusercontent.com\/-3v2Y9upl1hY\/U6m5Dt7lt6I\/AAAAAAAAh0w\/ysApdr_-ejA\/s640\/blogger-image-669257288.jpg\" imageanchor=\"1\" style=\"margin-left: 1em; margin-right: 1em;\"><img decoding=\"async\" border=\"0\" src=\"https:\/\/lh5.googleusercontent.com\/-3v2Y9upl1hY\/U6m5Dt7lt6I\/AAAAAAAAh0w\/ysApdr_-ejA\/s640\/blogger-image-669257288.jpg\"><\/a><\/div>\n<p><\/div>\n","protected":false},"excerpt":{"rendered":"<p>M\u00e9rida, Yucat\u00e1n, 24 de junio de 2014.- Al conmemorarse el D\u00eda Internacional del Socorrista, el titular del Poder Ejecutivo, Rolando Zapata Bello, asegur\u00f3 que el Gobierno del Estado continuar\u00e1 desarrollando<\/p>\n","protected":false},"author":1,"featured_media":16093,"comment_status":"open","ping_status":"open","sticky":false,"template":"","format":"standard","meta":{"jetpack_post_was_ever_published":false,"_jetpack_newsletter_access":"","_jetpack_dont_email_post_to_subs":false,"_jetpack_newsletter_tier_id":0,"_jetpack_memberships_contains_paywalled_content":false,"_jetpack_memberships_contains_paid_content":false,"footnotes":"","jetpack_publicize_message":"","jetpack_publicize_feature_enabled":true,"jetpack_social_post_already_shared":false,"jetpack_social_options":{"image_generator_settings":{"template":"highway","default_image_id":0,"font":"","enabled":false},"version":2}},"categories":[17,1],"tags":[],"class_list":["post-2991","post","type-post","status-publish","format-standard","has-post-thumbnail","hentry","category-politica-y-gobierno","category-sin-categoria"],"jetpack_publicize_connections":[],"jetpack_featured_media_url":"https:\/\/formalprision.com\/wp-content\/uploads\/2014\/06\/blogger-image-669257288.jpg","jetpack_sharing_enabled":true,"jetpack_shortlink":"https:\/\/wp.me\/p6id8p-Mf","_links":{"self":[{"href":"https:\/\/formalprision.com\/index.php?rest_route=\/wp\/v2\/posts\/2991","targetHints":{"allow":["GET"]}}],"collection":[{"href":"https:\/\/formalprision.com\/index.php?rest_route=\/wp\/v2\/posts"}],"about":[{"href":"https:\/\/formalprision.com\/index.php?rest_route=\/wp\/v2\/types\/post"}],"author":[{"embeddable":true,"href":"https:\/\/formalprision.com\/index.php?rest_route=\/wp\/v2\/users\/1"}],"replies":[{"embeddable":true,"href":"https:\/\/formalprision.com\/index.php?rest_route=%2Fwp%2Fv2%2Fcomments&post=2991"}],"version-history":[{"count":0,"href":"https:\/\/formalprision.com\/index.php?rest_route=\/wp\/v2\/posts\/2991\/revisions"}],"wp:featuredmedia":[{"embeddable":true,"href":"https:\/\/formalprision.com\/index.php?rest_route=\/wp\/v2\/media\/16093"}],"wp:attachment":[{"href":"https:\/\/formalprision.com\/index.php?rest_route=%2Fwp%2Fv2%2Fmedia&parent=2991"}],"wp:term":[{"taxonomy":"category","embeddable":true,"href":"https:\/\/formalprision.com\/index.php?rest_route=%2Fwp%2Fv2%2Fcategories&post=2991"},{"taxonomy":"post_tag","embeddable":true,"href":"https:\/\/formalprision.com\/index.php?rest_route=%2Fwp%2Fv2%2Ftags&post=2991"}],"curies":[{"name":"wp","href":"https:\/\/api.w.org\/{rel}","templated":true}]}}