{"id":2997,"date":"2014-06-23T19:25:00","date_gmt":"2014-06-23T19:25:00","guid":{"rendered":"http:\/\/formalprision.info\/2014\/06\/23\/compania-suiza-de-relojes-emitira-una\/"},"modified":"2015-06-03T08:37:09","modified_gmt":"2015-06-03T08:37:09","slug":"compania-suiza-de-relojes-emitira-una","status":"publish","type":"post","link":"https:\/\/formalprision.com\/?p=2997","title":{"rendered":"Compa\u00f1\u00eda suiza de relojes emitir\u00e1 una edici\u00f3n especial alusiva a\nChich\u00e9n Itz\u00e1"},"content":{"rendered":"<div style=\"font-family: Noteworthy; font-size: 20px; font-weight: bold; line-height: 26px; -webkit-tap-highlight-color: rgba(26, 26, 26, 0.296875); -webkit-composition-fill-color: rgba(130, 98, 83, 0.0976563); -webkit-composition-frame-color: rgba(191, 107, 82, 0.496094); \">M\u00e9rida, Yucat\u00e1n, 23 de junio de 2014.- Con la presentaci\u00f3n de la edici\u00f3n limitada del reloj conmemorativo de Chich\u00e9n Itz\u00e1 \u201cChrono hawk\u201d, de la marca suiza Girad-Perregaux, Yucat\u00e1n contin\u00faa el posicionamiento de sus atractivos tur\u00edsticos y maravillas naturales en el mercado nacional e internacional.<\/div>\n<div style=\"font-family: Noteworthy; font-size: 20px; font-weight: bold; line-height: 26px; -webkit-tap-highlight-color: rgba(26, 26, 26, 0.296875); -webkit-composition-fill-color: rgba(130, 98, 83, 0.0976563); -webkit-composition-frame-color: rgba(191, 107, 82, 0.496094); \">En evento celebrado en el Gran Museo del Mundo Maya de M\u00e9rida, encabezado por el Gobernador Rolando Zapata Bello, se dio a conocer esta pieza, la cual tiene grabado en el fondo el Castillo de Kukulc\u00e1n, estructura reconocida como una de las siete Maravillas del Mundo Moderno.<\/div>\n<div style=\"font-family: Noteworthy; font-size: 20px; font-weight: bold; line-height: 26px; -webkit-tap-highlight-color: rgba(26, 26, 26, 0.296875); -webkit-composition-fill-color: rgba(130, 98, 83, 0.0976563); -webkit-composition-frame-color: rgba(191, 107, 82, 0.496094); \">Ante el representante de la Joyer\u00eda Emwa, Eleazar Goldberg, el titular del Poder Ejecutivo destac\u00f3 que con estas acciones se presenta a la entidad como un destino emocionante, rico en recursos naturales que se combinan con las vocaciones productivas y con una amplia infraestructura y conectividad para ser sede de encuentros de negocios y convenciones.<\/div>\n<div style=\"font-family: Noteworthy; font-size: 20px; font-weight: bold; line-height: 26px; -webkit-tap-highlight-color: rgba(26, 26, 26, 0.296875); -webkit-composition-fill-color: rgba(130, 98, 83, 0.0976563); -webkit-composition-frame-color: rgba(191, 107, 82, 0.496094); \">\u201cEn ese marco, en Yucat\u00e1n nos sentimos honrados y privilegiados de que Chich\u00e9n Itz\u00e1, con su pir\u00e1mide de Kukulc\u00e1n, haya sido elegida para estar grabada en el dise\u00f1o de esta edici\u00f3n limitada. Porque as\u00ed, podremos seguir posicionando, a trav\u00e9s de una estrategia de mercadotecnia innovadora, los atractivos tur\u00edsticos de Yucat\u00e1n en el mercado internacional\u201d, subray\u00f3.<\/div>\n<div style=\"font-family: Noteworthy; font-size: 20px; font-weight: bold; line-height: 26px; -webkit-tap-highlight-color: rgba(26, 26, 26, 0.296875); -webkit-composition-fill-color: rgba(130, 98, 83, 0.0976563); -webkit-composition-frame-color: rgba(191, 107, 82, 0.496094); \">Ante el titular de la Secretar\u00eda de Fomento Tur\u00edstico (Sefotur), Sa\u00fal Ancona Salazar, el mandatario apunt\u00f3 que esta alianza ayudar\u00e1 a aumentar la afluencia de visitantes de diferentes mercados a esta tierra y por ende, se podr\u00e1 generar un incremento en el bienestar econ\u00f3mico y social de las comunidades.<\/div>\n<div style=\"font-family: Noteworthy; font-size: 20px; font-weight: bold; line-height: 26px; -webkit-tap-highlight-color: rgba(26, 26, 26, 0.296875); -webkit-composition-fill-color: rgba(130, 98, 83, 0.0976563); -webkit-composition-frame-color: rgba(191, 107, 82, 0.496094); \">En su turno, el representante de la marca Girad-Perregaux, Edouard Peret, explic\u00f3 que este a\u00f1o la firma suiza lanz\u00f3 su colecci\u00f3n \u201cMaravillas del mundo\u201d, la cual celebrar\u00e1 anualmente un monumento a nivel internacional.<\/div>\n<div style=\"font-family: Noteworthy; font-size: 20px; font-weight: bold; line-height: 26px; -webkit-tap-highlight-color: rgba(26, 26, 26, 0.296875); -webkit-composition-fill-color: rgba(130, 98, 83, 0.0976563); -webkit-composition-frame-color: rgba(191, 107, 82, 0.496094); \">\u201cEn esta ocasi\u00f3n se escogi\u00f3 a Chich\u00e9n Itz\u00e1 como emblema de esta primera edici\u00f3n limitada y con lo que adem\u00e1s se rinde homenaje a una de las ciudades mayas m\u00e1s importantes de todos los tiempos y Patrimonio de la Humanidad\u201d, enfatiz\u00f3.<\/div>\n<div style=\"font-family: Noteworthy; font-size: 20px; font-weight: bold; line-height: 26px; -webkit-tap-highlight-color: rgba(26, 26, 26, 0.296875); -webkit-composition-fill-color: rgba(130, 98, 83, 0.0976563); -webkit-composition-frame-color: rgba(191, 107, 82, 0.496094); \">Esta edici\u00f3n contar\u00e1 con 30 piezas de colecci\u00f3n (a un costo aproximado de 22,000 d\u00f3lares), las cuales llevan grabado en el fondo del reloj el Castillo de Kukulc\u00e1n. Adem\u00e1s, en la car\u00e1tula se puede visualizar una serpiente, animal m\u00edtico y s\u00edmbolo fundamental de la cultura maya.<\/div>\n<div style=\"font-family: Noteworthy; font-size: 20px; font-weight: bold; line-height: 26px; -webkit-tap-highlight-color: rgba(26, 26, 26, 0.296875); -webkit-composition-fill-color: rgba(130, 98, 83, 0.0976563); -webkit-composition-frame-color: rgba(191, 107, 82, 0.496094); \">Asistieron al evento el director del Instituto de Historia y Museos de Yucat\u00e1n (IHMY), Jorge Esma Baz\u00e1n; el delegado del Instituto Nacional de Antropolog\u00eda e Historia (INAH), Eduardo L\u00f3pez Calzada, y el representante de la joyer\u00eda Emwa, Pedro Marrufo Borges.<\/p>\n<div class=\"separator\" style=\"clear: both;\"><a href=\"https:\/\/lh3.googleusercontent.com\/-2dWm02nfxSo\/U6h_QiW48UI\/AAAAAAAAhzU\/a-zp9mFHahc\/s640\/blogger-image-437152883.jpg\" imageanchor=\"1\" style=\"margin-left: 1em; margin-right: 1em;\"><img decoding=\"async\" border=\"0\" src=\"https:\/\/lh3.googleusercontent.com\/-2dWm02nfxSo\/U6h_QiW48UI\/AAAAAAAAhzU\/a-zp9mFHahc\/s640\/blogger-image-437152883.jpg\"><\/a><\/div>\n<\/div>\n<div><\/div>\n","protected":false},"excerpt":{"rendered":"<p>M\u00e9rida, Yucat\u00e1n, 23 de junio de 2014.- Con la presentaci\u00f3n de la edici\u00f3n limitada del reloj conmemorativo de Chich\u00e9n Itz\u00e1 \u201cChrono hawk\u201d, de la marca suiza Girad-Perregaux, Yucat\u00e1n contin\u00faa el<\/p>\n","protected":false},"author":1,"featured_media":16105,"comment_status":"open","ping_status":"open","sticky":false,"template":"","format":"standard","meta":{"jetpack_post_was_ever_published":false,"_jetpack_newsletter_access":"","_jetpack_dont_email_post_to_subs":false,"_jetpack_newsletter_tier_id":0,"_jetpack_memberships_contains_paywalled_content":false,"_jetpack_memberships_contains_paid_content":false,"footnotes":"","jetpack_publicize_message":"","jetpack_publicize_feature_enabled":true,"jetpack_social_post_already_shared":false,"jetpack_social_options":{"image_generator_settings":{"template":"highway","default_image_id":0,"font":"","enabled":false},"version":2}},"categories":[17,1],"tags":[],"class_list":["post-2997","post","type-post","status-publish","format-standard","has-post-thumbnail","hentry","category-politica-y-gobierno","category-sin-categoria"],"jetpack_publicize_connections":[],"jetpack_featured_media_url":"https:\/\/formalprision.com\/wp-content\/uploads\/2014\/06\/blogger-image-437152883.jpg","jetpack_sharing_enabled":true,"jetpack_shortlink":"https:\/\/wp.me\/p6id8p-Ml","_links":{"self":[{"href":"https:\/\/formalprision.com\/index.php?rest_route=\/wp\/v2\/posts\/2997","targetHints":{"allow":["GET"]}}],"collection":[{"href":"https:\/\/formalprision.com\/index.php?rest_route=\/wp\/v2\/posts"}],"about":[{"href":"https:\/\/formalprision.com\/index.php?rest_route=\/wp\/v2\/types\/post"}],"author":[{"embeddable":true,"href":"https:\/\/formalprision.com\/index.php?rest_route=\/wp\/v2\/users\/1"}],"replies":[{"embeddable":true,"href":"https:\/\/formalprision.com\/index.php?rest_route=%2Fwp%2Fv2%2Fcomments&post=2997"}],"version-history":[{"count":0,"href":"https:\/\/formalprision.com\/index.php?rest_route=\/wp\/v2\/posts\/2997\/revisions"}],"wp:featuredmedia":[{"embeddable":true,"href":"https:\/\/formalprision.com\/index.php?rest_route=\/wp\/v2\/media\/16105"}],"wp:attachment":[{"href":"https:\/\/formalprision.com\/index.php?rest_route=%2Fwp%2Fv2%2Fmedia&parent=2997"}],"wp:term":[{"taxonomy":"category","embeddable":true,"href":"https:\/\/formalprision.com\/index.php?rest_route=%2Fwp%2Fv2%2Fcategories&post=2997"},{"taxonomy":"post_tag","embeddable":true,"href":"https:\/\/formalprision.com\/index.php?rest_route=%2Fwp%2Fv2%2Ftags&post=2997"}],"curies":[{"name":"wp","href":"https:\/\/api.w.org\/{rel}","templated":true}]}}