{"id":30,"date":"2015-06-01T04:16:00","date_gmt":"2015-06-01T04:16:00","guid":{"rendered":"http:\/\/formalprision.info\/2015\/06\/01\/la-fuerza-del-v-distrito-local-esta-con\/"},"modified":"2015-06-03T08:20:50","modified_gmt":"2015-06-03T08:20:50","slug":"la-fuerza-del-v-distrito-local-esta-con","status":"publish","type":"post","link":"https:\/\/formalprision.com\/?p=30","title":{"rendered":"La fuerza del V Distrito local est\u00e1 con Nerio Torres Arcila"},"content":{"rendered":"<div style=\"color: rgba(0, 0, 0, 0.701961); font-family: UICTFontTextStyleBody; font-size: 29px; -webkit-composition-fill-color: rgba(130, 98, 83, 0.0980392);\">M\u00e9rida, Yucat\u00e1n a 31 de Mayo 2015.- M\u00e1s de ocho mil personas acudieron al cierre de campa\u00f1a del V Distrito local en apoyo a los candidatos del PRI, Nerio Torres Arcila para M\u00e9rida, Francisco Torres Rivas por la diputaci\u00f3n federal y Lorena Farah Valencia, de cara al proceso electoral que se avecina en 6 d\u00edas.Congregados en el parque de Pol\u00edgono 108, en un magno ambiente de fiesta y alegr\u00eda los asistentes le refrendaron su apoyo total a los candidatos para alcanzar la victoria el pr\u00f3ximo 7de junio, ah\u00ed Torres Arcila afirm\u00f3 que la base del V Distrito es&nbsp;el trabajo eficaz y eficiente de personas que hoy son un ejemplo para el pa\u00eds.&nbsp;\u00abEn esta ocasi\u00f3n el PRI hizo bien al tomar de la ciudadan\u00eda a una candidata a diputada local que desde las organizaciones de la sociedad civil con su gran coraz\u00f3n ha ayudado a la gente de forma desinteresada y por eso vamos a darle nuestro apoyo\u00bb, destac\u00f3 el abanderado priista.&nbsp;Y a\u00f1adi\u00f3 el candidato a la alcald\u00eda de M\u00e9rida, \u00abnos sentimos comprometidos con esta campa\u00f1a y en unos d\u00edas m\u00e1s ganaremos la elecci\u00f3n, y&nbsp;<a href=\"x-apple-data-detectors:\/\/1\" x-apple-data-detectors=\"true\" x-apple-data-detectors-type=\"calendar-event\" x-apple-data-detectors-result=\"1\" style=\"font-size: 19px; background-color: rgba(255, 255, 255, 0);\">el pr\u00f3ximo domingo<\/a>&nbsp;empezar\u00e1 a construirse el cambio y por esa confianza, como pago de nosotros cumpliremos nuestra palabra con el trabajo diario\u00bb.&nbsp;<\/div>\n<div style=\"color: rgba(0, 0, 0, 0.701961); font-family: UICTFontTextStyleBody; font-size: 29px; -webkit-composition-fill-color: rgba(130, 98, 83, 0.0980392);\">\n<div>En su turno, la candidata a diputada local por dicha demarcaci\u00f3n, Lorena farah Valencia agradeci\u00f3 el apoyo de la gente del nororiente de la ciudad al abrir las puertas de su casa para recibirla y platicarle sus necesidades, por ello se declar\u00f3 lista para que&nbsp;<a href=\"x-apple-data-detectors:\/\/2\" x-apple-data-detectors=\"true\" x-apple-data-detectors-type=\"calendar-event\" x-apple-data-detectors-result=\"2\" style=\"font-size: 19px; background-color: rgba(255, 255, 255, 0);\">el pr\u00f3ximo domingo<\/a>&nbsp;se de el cambio que necesitan los habitantes de M\u00e9rida.&nbsp;<\/div>\n<div>\n<div><\/div>\n<div>Asimismo, el candidato a diputado federal por el IV Distrito, Francisco Torres Rivas \u00abPanchito\u00bb, afirm\u00f3 ante el entusiasmo de la gente que el PRI ya est\u00e1 listo gracias al trabajo de los jefes de manzana y acera, l\u00edderes de secci\u00f3nales y subcomit\u00e9 que han recorrido las calles y han encontrado el apoyo de sus habitantes, quienes ante la falta de inter\u00e9s de las autoridades municipales por resolver los problemas est\u00e1n esperando un cambio.<\/div>\n<div><\/div>\n<div>En el evento estuvieron presentes los candidatos a regidores quienes convivieron y bailaron con los asistentes al magno cierre de campa\u00f1a<\/div>\n<\/div>\n<div>\n<div class=\"separator\" style=\"clear: both;\"><a href=\"https:\/\/lh3.googleusercontent.com\/-sv4wB8kV34o\/VWvc7bO1FaI\/AAAAAAAAoX0\/Y-LX6l8WgNY\/s640\/blogger-image--554153330.jpg\" imageanchor=\"1\" style=\"margin-left: 1em; margin-right: 1em;\"><img decoding=\"async\" border=\"0\" src=\"https:\/\/lh3.googleusercontent.com\/-sv4wB8kV34o\/VWvc7bO1FaI\/AAAAAAAAoX0\/Y-LX6l8WgNY\/s640\/blogger-image--554153330.jpg\"><\/a><\/div>\n<p><\/div>\n<\/div>\n","protected":false},"excerpt":{"rendered":"<p>M\u00e9rida, Yucat\u00e1n a 31 de Mayo 2015.- M\u00e1s de ocho mil personas acudieron al cierre de campa\u00f1a del V Distrito local en apoyo a los candidatos del PRI, Nerio Torres<\/p>\n","protected":false},"author":1,"featured_media":10056,"comment_status":"open","ping_status":"open","sticky":false,"template":"","format":"standard","meta":{"jetpack_post_was_ever_published":false,"_jetpack_newsletter_access":"","_jetpack_dont_email_post_to_subs":false,"_jetpack_newsletter_tier_id":0,"_jetpack_memberships_contains_paywalled_content":false,"_jetpack_memberships_contains_paid_content":false,"footnotes":"","jetpack_publicize_message":"","jetpack_publicize_feature_enabled":true,"jetpack_social_post_already_shared":false,"jetpack_social_options":{"image_generator_settings":{"template":"highway","default_image_id":0,"font":"","enabled":false},"version":2}},"categories":[17,1],"tags":[],"class_list":["post-30","post","type-post","status-publish","format-standard","has-post-thumbnail","hentry","category-politica-y-gobierno","category-sin-categoria"],"jetpack_publicize_connections":[],"jetpack_featured_media_url":"https:\/\/formalprision.com\/wp-content\/uploads\/2015\/06\/blogger-image-554153330.jpg","jetpack_sharing_enabled":true,"jetpack_shortlink":"https:\/\/wp.me\/p6id8p-u","_links":{"self":[{"href":"https:\/\/formalprision.com\/index.php?rest_route=\/wp\/v2\/posts\/30","targetHints":{"allow":["GET"]}}],"collection":[{"href":"https:\/\/formalprision.com\/index.php?rest_route=\/wp\/v2\/posts"}],"about":[{"href":"https:\/\/formalprision.com\/index.php?rest_route=\/wp\/v2\/types\/post"}],"author":[{"embeddable":true,"href":"https:\/\/formalprision.com\/index.php?rest_route=\/wp\/v2\/users\/1"}],"replies":[{"embeddable":true,"href":"https:\/\/formalprision.com\/index.php?rest_route=%2Fwp%2Fv2%2Fcomments&post=30"}],"version-history":[{"count":0,"href":"https:\/\/formalprision.com\/index.php?rest_route=\/wp\/v2\/posts\/30\/revisions"}],"wp:featuredmedia":[{"embeddable":true,"href":"https:\/\/formalprision.com\/index.php?rest_route=\/wp\/v2\/media\/10056"}],"wp:attachment":[{"href":"https:\/\/formalprision.com\/index.php?rest_route=%2Fwp%2Fv2%2Fmedia&parent=30"}],"wp:term":[{"taxonomy":"category","embeddable":true,"href":"https:\/\/formalprision.com\/index.php?rest_route=%2Fwp%2Fv2%2Fcategories&post=30"},{"taxonomy":"post_tag","embeddable":true,"href":"https:\/\/formalprision.com\/index.php?rest_route=%2Fwp%2Fv2%2Ftags&post=30"}],"curies":[{"name":"wp","href":"https:\/\/api.w.org\/{rel}","templated":true}]}}