{"id":3005,"date":"2014-06-21T16:17:00","date_gmt":"2014-06-21T16:17:00","guid":{"rendered":"http:\/\/formalprision.info\/2014\/06\/21\/vinculan-ejecucion-de-abogado-con\/"},"modified":"2015-06-03T08:37:13","modified_gmt":"2015-06-03T08:37:13","slug":"vinculan-ejecucion-de-abogado-con","status":"publish","type":"post","link":"https:\/\/formalprision.com\/?p=3005","title":{"rendered":"Varias hip\u00f3tesis en el crimen de un abogado yucateco"},"content":{"rendered":"<div style=\"font-family: Noteworthy; font-size: 20px; font-weight: bold; line-height: 26px; -webkit-tap-highlight-color: rgba(26, 26, 26, 0.296875); -webkit-composition-fill-color: rgba(130, 98, 83, 0.0976563); -webkit-composition-frame-color: rgba(191, 107, 82, 0.496094); \">El abogado Efra\u00edn Ram\u00edrez Herrera, de 56 a\u00f1os de edad, fue ejecutado ayer a las puertas de su vivienda, en la Col. Garc\u00eda Giner\u00e9s.<\/div>\n<div style=\"font-family: Noteworthy; font-size: 20px; font-weight: bold; line-height: 26px; -webkit-tap-highlight-color: rgba(26, 26, 26, 0.296875); -webkit-composition-fill-color: rgba(130, 98, 83, 0.0976563); -webkit-composition-frame-color: rgba(191, 107, 82, 0.496094); \">El crimen estar\u00eda vinculado con el decomiso de autos de lujo realizado un d\u00eda antes en la&nbsp;calle 52 con 43&nbsp;y 45 ya que la v\u00edctima presuntamente operaba o trabajaba para &nbsp;un lote de autos usados y presuntamente fue ejecutado por \u00absopl\u00f3n\u00bb,<\/div>\n<div style=\"font-family: Noteworthy; font-size: 20px; font-weight: bold; line-height: 26px; -webkit-tap-highlight-color: rgba(26, 26, 26, 0.296875); -webkit-composition-fill-color: rgba(130, 98, 83, 0.0976563); -webkit-composition-frame-color: rgba(191, 107, 82, 0.496094); \">Como informamos, el operativo se realiz\u00f3 luego de que se quejara un empresario con amistad con el titular de la Sedena.<\/div>\n<div style=\"font-family: Noteworthy; font-size: 20px; font-weight: bold; line-height: 26px; -webkit-tap-highlight-color: rgba(26, 26, 26, 0.296875); -webkit-composition-fill-color: rgba(130, 98, 83, 0.0976563); -webkit-composition-frame-color: rgba(191, 107, 82, 0.496094); \">No obstante que Las autoridades se niegan a confirmar la relaci\u00f3n del crimen del abogado con el decomiso de autos, fuentes de la PGR indicaron que es una hip\u00f3tesis, pues el Lic. Efra\u00edn Ram\u00edrez es ser\u00eda empresario que \u00abquem\u00f3\u00bb a los traficantes de autos robados.<\/div>\n<div style=\"font-family: Noteworthy; font-size: 20px; font-weight: bold; line-height: 26px; -webkit-tap-highlight-color: rgba(26, 26, 26, 0.296875); -webkit-composition-fill-color: rgba(130, 98, 83, 0.0976563); -webkit-composition-frame-color: rgba(191, 107, 82, 0.496094); \">Adem\u00e1s, se\u00f1alaron que el negocio del robo de autos en realidad est\u00e1 vinculado con el narcotr\u00e1fico, pues los veh\u00edculos ilegales eran usados para transportar drogas a Yucat\u00e1n y Quintana Roo.<\/div>\n<div style=\"font-family: Noteworthy; font-size: 20px; font-weight: bold; line-height: 26px; -webkit-tap-highlight-color: rgba(26, 26, 26, 0.296875); -webkit-composition-fill-color: rgba(130, 98, 83, 0.0976563); -webkit-composition-frame-color: rgba(191, 107, 82, 0.496094); \">El negocio presuntamente depende del Cartel de Guadalajara, el mismo al que se atribuyen las decapitaciones de 2007 en un paraje de Chich\u00ed Su\u00e1rez.<\/div>\n<div style=\"font-family: Noteworthy; font-size: 20px; font-weight: bold; line-height: 26px; -webkit-tap-highlight-color: rgba(26, 26, 26, 0.296875); -webkit-composition-fill-color: rgba(130, 98, 83, 0.0976563); -webkit-composition-frame-color: rgba(191, 107, 82, 0.496094); \">Sin embargo, han surgido dudas sobre el decomiso de autos, ya que los automotores tienen facturas que avalan su legalidad y ahora la PGR trabaja arduamente para tratar de demostrar lo contrario.<\/div>\n<div style=\"font-family: Noteworthy; font-size: 20px; font-weight: bold; line-height: 26px; -webkit-tap-highlight-color: rgba(26, 26, 26, 0.296875); -webkit-composition-fill-color: rgba(130, 98, 83, 0.0976563); -webkit-composition-frame-color: rgba(191, 107, 82, 0.496094); \">Respecto al crimen de ayer, se indic\u00f3 que el abogado fue asesinado al llegar a su vivienda poco despu\u00e9s de las 7 de la noche, en la calle &nbsp;24 por 7 de la colonia Garc\u00eda Giner\u00e9s.<\/div>\n<div style=\"font-family: Noteworthy; font-size: 20px; font-weight: bold; line-height: 26px; -webkit-tap-highlight-color: rgba(26, 26, 26, 0.296875); -webkit-composition-fill-color: rgba(130, 98, 83, 0.0976563); -webkit-composition-frame-color: rgba(191, 107, 82, 0.496094); \">El cuerpo del abogado quedo dentro de la cochera, a un costado del autom\u00f3vil Toyota Corola gris, placas ZAG-2319.&nbsp;<\/div>\n<div style=\"font-family: Noteworthy; font-size: 20px; font-weight: bold; line-height: 26px; -webkit-tap-highlight-color: rgba(26, 26, 26, 0.296875); -webkit-composition-fill-color: rgba(130, 98, 83, 0.0976563); -webkit-composition-frame-color: rgba(191, 107, 82, 0.496094); \">Fue ultimado por un desconocido que le dio un balazo en la cara..<\/div>\n<div style=\"font-family: Noteworthy; font-size: 20px; font-weight: bold; line-height: 26px; -webkit-tap-highlight-color: rgba(26, 26, 26, 0.296875); -webkit-composition-fill-color: rgba(130, 98, 83, 0.0976563); -webkit-composition-frame-color: rgba(191, 107, 82, 0.496094); \">La Fiscal\u00eda se\u00f1al\u00f3 que entre las l\u00edneas de investigaci\u00f3n est\u00e1 la de una presunta venganza, pero no dio m\u00e1s detalles.<\/div>\n<div style=\"font-family: Noteworthy; font-size: 20px; font-weight: bold; line-height: 26px; -webkit-tap-highlight-color: rgba(26, 26, 26, 0.296875); -webkit-composition-fill-color: rgba(130, 98, 83, 0.0976563); -webkit-composition-frame-color: rgba(191, 107, 82, 0.496094); \">Hay otras l\u00edneas de investigaci\u00f3n, incluso una que lo vincula con el caso de&nbsp;Carlos Castillo Conde, (a) Carlos Guti\u00e9rrez Silva, &nbsp;quien fue detenido por violar a una jovencita y quien presuntamente&nbsp;asesin\u00f3 hace algunos a\u00f1os al \u201cRey de los Gitanos\u201d en el Distrito Federal, Pablo Luvinoff Arroniz y &nbsp;a su hija Nancy.<\/div>\n<div style=\"font-family: Noteworthy; font-size: 20px; font-weight: bold; line-height: 26px; -webkit-tap-highlight-color: rgba(26, 26, 26, 0.296875); -webkit-composition-fill-color: rgba(130, 98, 83, 0.0976563); -webkit-composition-frame-color: rgba(191, 107, 82, 0.496094); \">El Lic., Ram\u00edrez acudi\u00f3 esta misma semana a declarar a un Juzgado Penal, pero lo hizo amparado, aunque no se precis\u00f3 en que delito estaba implicado.<\/p>\n<div class=\"separator\" style=\"clear: both;\"><a href=\"https:\/\/lh6.googleusercontent.com\/-r9n8qknJLDQ\/U6WwBTEz-yI\/AAAAAAAAhxY\/OjKjFKeMrzs\/s640\/blogger-image-1188975791.jpg\" imageanchor=\"1\" style=\"margin-left: 1em; margin-right: 1em;\"><img decoding=\"async\" border=\"0\" src=\"https:\/\/lh6.googleusercontent.com\/-r9n8qknJLDQ\/U6WwBTEz-yI\/AAAAAAAAhxY\/OjKjFKeMrzs\/s640\/blogger-image-1188975791.jpg\"><\/a><\/div>\n<\/div>\n","protected":false},"excerpt":{"rendered":"<p>El abogado Efra\u00edn Ram\u00edrez Herrera, de 56 a\u00f1os de edad, fue ejecutado ayer a las puertas de su vivienda, en la Col. Garc\u00eda Giner\u00e9s. El crimen estar\u00eda vinculado con el<\/p>\n","protected":false},"author":1,"featured_media":16121,"comment_status":"open","ping_status":"open","sticky":false,"template":"","format":"standard","meta":{"jetpack_post_was_ever_published":false,"_jetpack_newsletter_access":"","_jetpack_dont_email_post_to_subs":false,"_jetpack_newsletter_tier_id":0,"_jetpack_memberships_contains_paywalled_content":false,"_jetpack_memberships_contains_paid_content":false,"footnotes":"","jetpack_publicize_message":"","jetpack_publicize_feature_enabled":true,"jetpack_social_post_already_shared":false,"jetpack_social_options":{"image_generator_settings":{"template":"highway","default_image_id":0,"font":"","enabled":false},"version":2}},"categories":[3,1,49],"tags":[],"class_list":["post-3005","post","type-post","status-publish","format-standard","has-post-thumbnail","hentry","category-portada","category-sin-categoria","category-tocho-morocho"],"jetpack_publicize_connections":[],"jetpack_featured_media_url":"https:\/\/formalprision.com\/wp-content\/uploads\/2014\/06\/blogger-image-1188975791.jpg","jetpack_sharing_enabled":true,"jetpack_shortlink":"https:\/\/wp.me\/p6id8p-Mt","_links":{"self":[{"href":"https:\/\/formalprision.com\/index.php?rest_route=\/wp\/v2\/posts\/3005","targetHints":{"allow":["GET"]}}],"collection":[{"href":"https:\/\/formalprision.com\/index.php?rest_route=\/wp\/v2\/posts"}],"about":[{"href":"https:\/\/formalprision.com\/index.php?rest_route=\/wp\/v2\/types\/post"}],"author":[{"embeddable":true,"href":"https:\/\/formalprision.com\/index.php?rest_route=\/wp\/v2\/users\/1"}],"replies":[{"embeddable":true,"href":"https:\/\/formalprision.com\/index.php?rest_route=%2Fwp%2Fv2%2Fcomments&post=3005"}],"version-history":[{"count":0,"href":"https:\/\/formalprision.com\/index.php?rest_route=\/wp\/v2\/posts\/3005\/revisions"}],"wp:featuredmedia":[{"embeddable":true,"href":"https:\/\/formalprision.com\/index.php?rest_route=\/wp\/v2\/media\/16121"}],"wp:attachment":[{"href":"https:\/\/formalprision.com\/index.php?rest_route=%2Fwp%2Fv2%2Fmedia&parent=3005"}],"wp:term":[{"taxonomy":"category","embeddable":true,"href":"https:\/\/formalprision.com\/index.php?rest_route=%2Fwp%2Fv2%2Fcategories&post=3005"},{"taxonomy":"post_tag","embeddable":true,"href":"https:\/\/formalprision.com\/index.php?rest_route=%2Fwp%2Fv2%2Ftags&post=3005"}],"curies":[{"name":"wp","href":"https:\/\/api.w.org\/{rel}","templated":true}]}}