{"id":3006,"date":"2014-06-19T19:42:00","date_gmt":"2014-06-19T19:42:00","guid":{"rendered":"http:\/\/formalprision.info\/2014\/06\/19\/el-gobernador-pone-en-marcha-jornada-de\/"},"modified":"2015-06-03T08:37:13","modified_gmt":"2015-06-03T08:37:13","slug":"el-gobernador-pone-en-marcha-jornada-de","status":"publish","type":"post","link":"https:\/\/formalprision.com\/?p=3006","title":{"rendered":"El Gobernador pone en marcha Jornada de Empleo en M\u00e9rida"},"content":{"rendered":"<div style=\"font-family: Noteworthy; font-size: 20px; font-weight: bold; line-height: 26px; -webkit-tap-highlight-color: rgba(26, 26, 26, 0.296875); -webkit-composition-fill-color: rgba(130, 98, 83, 0.0976563); -webkit-composition-frame-color: rgba(191, 107, 82, 0.496094); \">M\u00e9rida, Yucat\u00e1n, 19 de junio de 2014.- En lo que va del a\u00f1o, se han celebrado en Yucat\u00e1n cuatro eventos de vinculaci\u00f3n laboral entre Jornadas y Ferias de Empleo, a trav\u00e9s de las cuales se han colocado mil 27 buscadores de trabajo en diferentes puestos, por lo que ahora ya cuentan con un ingreso econ\u00f3mico que se traduce en una mejor calidad de vida para ellos y sus familias.<\/div>\n<div style=\"font-family: Noteworthy; font-size: 20px; font-weight: bold; line-height: 26px; -webkit-tap-highlight-color: rgba(26, 26, 26, 0.296875); -webkit-composition-fill-color: rgba(130, 98, 83, 0.0976563); -webkit-composition-frame-color: rgba(191, 107, 82, 0.496094); \">Como parte de estas acciones, que se han llevado a cabo en M\u00e9rida, Valladolid y Um\u00e1n, el Gobernador Rolando Zapata Bello inaugur\u00f3 el quinto evento de este tipo, en el cual participan 17 empresas que ofrecen 809 plazas para profesionistas, administrativos, t\u00e9cnicos y operativos con sueldos que van de los dos mil 500 a los 14 mil pesos mensuales.<\/div>\n<div style=\"font-family: Noteworthy; font-size: 20px; font-weight: bold; line-height: 26px; -webkit-tap-highlight-color: rgba(26, 26, 26, 0.296875); -webkit-composition-fill-color: rgba(130, 98, 83, 0.0976563); -webkit-composition-frame-color: rgba(191, 107, 82, 0.496094); \">Al dirigir su mensaje en el evento celebrado en las instalaciones de la Secretar\u00eda del Trabajo y Previsi\u00f3n Social (STPS) estatal, el titular del Poder Ejecutivo destac\u00f3 que el Gobierno del Estado pone en marcha diferentes estrategias, a trav\u00e9s de la suma de esfuerzos, para que se den grandes inversiones que generen oportunidades para la sociedad yucateca.<\/div>\n<div style=\"font-family: Noteworthy; font-size: 20px; font-weight: bold; line-height: 26px; -webkit-tap-highlight-color: rgba(26, 26, 26, 0.296875); -webkit-composition-fill-color: rgba(130, 98, 83, 0.0976563); -webkit-composition-frame-color: rgba(191, 107, 82, 0.496094); \">En este sentido, tambi\u00e9n se busca lograr la vinculaci\u00f3n laboral en el menor tiempo posible, por lo que agradeci\u00f3 la participaci\u00f3n de las empresas en dicho evento, en el que tambi\u00e9n se presentaron los programas de capacitaci\u00f3n, becas y autoempleo que brinda la dependencia estatal.<\/div>\n<div style=\"font-family: Noteworthy; font-size: 20px; font-weight: bold; line-height: 26px; -webkit-tap-highlight-color: rgba(26, 26, 26, 0.296875); -webkit-composition-fill-color: rgba(130, 98, 83, 0.0976563); -webkit-composition-frame-color: rgba(191, 107, 82, 0.496094); \">\u201cQuien tengan la necesidad de gozar de un empleo, aqu\u00ed va a conocer las diferentes alternativas y no se va ir con las manos vac\u00edas, sino con una respuesta tras conocer la gama de opciones que los sectores de producci\u00f3n y los niveles de Gobierno ponen a disposici\u00f3n de la sociedad\u201d, precis\u00f3 ante interesados, autoridades estatales, federales y municipales.<\/div>\n<div style=\"font-family: Noteworthy; font-size: 20px; font-weight: bold; line-height: 26px; -webkit-tap-highlight-color: rgba(26, 26, 26, 0.296875); -webkit-composition-fill-color: rgba(130, 98, 83, 0.0976563); -webkit-composition-frame-color: rgba(191, 107, 82, 0.496094); \">Al hacer uso de la palabra, el titular de la STPS, Enrique Castillo Ruz, manifest\u00f3 que estos eventos han demostrado ser un mecanismo \u00e1gil y exitoso para propiciar el encuentro entre quienes buscan y ofrecen una plaza, con lo que disminuye de manera significativa el costo y el tiempo de los procesos de reclutamiento y selecci\u00f3n de personal.<\/div>\n<div style=\"font-family: Noteworthy; font-size: 20px; font-weight: bold; line-height: 26px; -webkit-tap-highlight-color: rgba(26, 26, 26, 0.296875); -webkit-composition-fill-color: rgba(130, 98, 83, 0.0976563); -webkit-composition-frame-color: rgba(191, 107, 82, 0.496094); \">\u201cCon este tipo de acciones, el Gobernador Rolando Zapata Bello ratifica el compromiso de continuar la promoci\u00f3n de Jornadas y Ferias de Empleo, adem\u00e1s de complementarlas con diferentes programas y estrategias din\u00e1micas, luchando en todos los frentes para que la gente de Yucat\u00e1n tenga m\u00e1s empleo\u201d, precis\u00f3 el funcionario estatal.<\/div>\n<div style=\"font-family: Noteworthy; font-size: 20px; font-weight: bold; line-height: 26px; -webkit-tap-highlight-color: rgba(26, 26, 26, 0.296875); -webkit-composition-fill-color: rgba(130, 98, 83, 0.0976563); -webkit-composition-frame-color: rgba(191, 107, 82, 0.496094); \">Por su parte, el delegado de la STPS en Yucat\u00e1n, Ricardo B\u00e9jar Herrera, dijo que las reformas estructurales promovidas por el Gobierno federal, adem\u00e1s de impulsar mayores inversiones y crecimiento econ\u00f3mico, tienen caracter\u00edsticas incluyentes que facilitan a j\u00f3venes y mujeres colocarse en una empresa.<\/div>\n<div style=\"font-family: Noteworthy; font-size: 20px; font-weight: bold; line-height: 26px; -webkit-tap-highlight-color: rgba(26, 26, 26, 0.296875); -webkit-composition-fill-color: rgba(130, 98, 83, 0.0976563); -webkit-composition-frame-color: rgba(191, 107, 82, 0.496094); \">Al evento asistieron los presidentes del Consejo Coordinador Empresarial (CCE), Jos\u00e9 Manuel L\u00f3pez Campos; del Congreso del Trabajo en Yucat\u00e1n, Ernesto Sonda Castro, y de la C\u00e1mara Nacional de la Industria de Transformaci\u00f3n (Canacintra), Mario Can Mar\u00edn.<\/div>\n<div style=\"font-family: Noteworthy; font-size: 20px; font-weight: bold; line-height: 26px; -webkit-tap-highlight-color: rgba(26, 26, 26, 0.296875); -webkit-composition-fill-color: rgba(130, 98, 83, 0.0976563); -webkit-composition-frame-color: rgba(191, 107, 82, 0.496094); \">Asimismo, los secretarios de la Confederaci\u00f3n Revolucionaria de Obreros y Campesinos (CROC), Pedro Oxt\u00e9 Conrado; de la Federaci\u00f3n de Trabajadores de Yucat\u00e1n de la Confederaci\u00f3n de Trabajadores de M\u00e9xico (CTM), Mario Tr\u00e1nsito Chan Chan, y el representante de la Secretar\u00eda de Fomento Econ\u00f3mico (Sefoe), Joaqu\u00edn Mier y Ter\u00e1n, entre otros.<\/p>\n<div class=\"separator\" style=\"clear: both;\"><a href=\"https:\/\/lh6.googleusercontent.com\/-k0qQsfqU6qA\/U6M9L3H_kZI\/AAAAAAAAhxI\/Sgb32BKGkE8\/s640\/blogger-image--1567636895.jpg\" imageanchor=\"1\" style=\"margin-left: 1em; margin-right: 1em;\"><img decoding=\"async\" border=\"0\" src=\"https:\/\/lh6.googleusercontent.com\/-k0qQsfqU6qA\/U6M9L3H_kZI\/AAAAAAAAhxI\/Sgb32BKGkE8\/s640\/blogger-image--1567636895.jpg\"><\/a><\/div>\n<\/div>\n<div style=\"font-family: Noteworthy; font-size: 20px; font-weight: bold; line-height: 26px; -webkit-tap-highlight-color: rgba(26, 26, 26, 0.296875); -webkit-composition-fill-color: rgba(130, 98, 83, 0.0976563); -webkit-composition-frame-color: rgba(191, 107, 82, 0.496094); \"><\/div>\n","protected":false},"excerpt":{"rendered":"<p>M\u00e9rida, Yucat\u00e1n, 19 de junio de 2014.- En lo que va del a\u00f1o, se han celebrado en Yucat\u00e1n cuatro eventos de vinculaci\u00f3n laboral entre Jornadas y Ferias de Empleo, a<\/p>\n","protected":false},"author":1,"featured_media":16123,"comment_status":"open","ping_status":"open","sticky":false,"template":"","format":"standard","meta":{"jetpack_post_was_ever_published":false,"_jetpack_newsletter_access":"","_jetpack_dont_email_post_to_subs":false,"_jetpack_newsletter_tier_id":0,"_jetpack_memberships_contains_paywalled_content":false,"_jetpack_memberships_contains_paid_content":false,"footnotes":"","jetpack_publicize_message":"","jetpack_publicize_feature_enabled":true,"jetpack_social_post_already_shared":false,"jetpack_social_options":{"image_generator_settings":{"template":"highway","default_image_id":0,"font":"","enabled":false},"version":2}},"categories":[17,1],"tags":[],"class_list":["post-3006","post","type-post","status-publish","format-standard","has-post-thumbnail","hentry","category-politica-y-gobierno","category-sin-categoria"],"jetpack_publicize_connections":[],"jetpack_featured_media_url":"https:\/\/formalprision.com\/wp-content\/uploads\/2014\/06\/blogger-image-1567636895.jpg","jetpack_sharing_enabled":true,"jetpack_shortlink":"https:\/\/wp.me\/p6id8p-Mu","_links":{"self":[{"href":"https:\/\/formalprision.com\/index.php?rest_route=\/wp\/v2\/posts\/3006","targetHints":{"allow":["GET"]}}],"collection":[{"href":"https:\/\/formalprision.com\/index.php?rest_route=\/wp\/v2\/posts"}],"about":[{"href":"https:\/\/formalprision.com\/index.php?rest_route=\/wp\/v2\/types\/post"}],"author":[{"embeddable":true,"href":"https:\/\/formalprision.com\/index.php?rest_route=\/wp\/v2\/users\/1"}],"replies":[{"embeddable":true,"href":"https:\/\/formalprision.com\/index.php?rest_route=%2Fwp%2Fv2%2Fcomments&post=3006"}],"version-history":[{"count":0,"href":"https:\/\/formalprision.com\/index.php?rest_route=\/wp\/v2\/posts\/3006\/revisions"}],"wp:featuredmedia":[{"embeddable":true,"href":"https:\/\/formalprision.com\/index.php?rest_route=\/wp\/v2\/media\/16123"}],"wp:attachment":[{"href":"https:\/\/formalprision.com\/index.php?rest_route=%2Fwp%2Fv2%2Fmedia&parent=3006"}],"wp:term":[{"taxonomy":"category","embeddable":true,"href":"https:\/\/formalprision.com\/index.php?rest_route=%2Fwp%2Fv2%2Fcategories&post=3006"},{"taxonomy":"post_tag","embeddable":true,"href":"https:\/\/formalprision.com\/index.php?rest_route=%2Fwp%2Fv2%2Ftags&post=3006"}],"curies":[{"name":"wp","href":"https:\/\/api.w.org\/{rel}","templated":true}]}}