{"id":3011,"date":"2014-06-19T05:10:00","date_gmt":"2014-06-19T05:10:00","guid":{"rendered":"http:\/\/formalprision.info\/2014\/06\/19\/ano-y-medio-de-carcel-por-matar-su-tio\/"},"modified":"2015-06-03T08:37:14","modified_gmt":"2015-06-03T08:37:14","slug":"ano-y-medio-de-carcel-por-matar-su-tio","status":"publish","type":"post","link":"https:\/\/formalprision.com\/?p=3011","title":{"rendered":"A\u00f1o y medio de c\u00e1rcel por matar a su t\u00edo al confundirlo con pavo de\nmonte"},"content":{"rendered":"<div style=\"-webkit-composition-fill-color: rgba(130, 98, 83, 0.0976563); -webkit-composition-frame-color: rgba(191, 107, 82, 0.496094); -webkit-tap-highlight-color: rgba(26, 26, 26, 0.296875); font-family: Noteworthy; font-size: 20px; font-weight: bold; line-height: 26px;\">\n<div>\n<div class=\"separator\" style=\"clear: both;\">\n<a href=\"https:\/\/lh6.googleusercontent.com\/-hq8rxVc4W9Y\/U6KJP-7UAAI\/AAAAAAAAhwU\/MY-r7lJu0lQ\/s640\/blogger-image--1659572591.jpg\" imageanchor=\"1\" style=\"margin-left: 1em; margin-right: 1em;\"><img decoding=\"async\" border=\"0\" src=\"https:\/\/lh6.googleusercontent.com\/-hq8rxVc4W9Y\/U6KJP-7UAAI\/AAAAAAAAhwU\/MY-r7lJu0lQ\/s640\/blogger-image--1659572591.jpg\"><\/a><\/div>\n<p>El Juez Primero de Control del Quinto Distrito Judicial del Sistema de Justicia Acusatorio y Oral con sede en Valladolid, dict\u00f3 sentencia condenatoria de un a\u00f1o y seis meses de c\u00e1rcel a V\u00edctor V\u00edctor Manuel Chay Baak imputado por el delito de homicidio culposo en el municipio de Tekom, tras dar muerte a su t\u00edo cuando se encontraban de cacer\u00eda.<\/p><\/div>\n<div>\nEl joven anteriormente tambi\u00e9n estuvo preso, ya que fue detenido con mariguana en un poblado de Tulum , Quintana Roo.<\/div>\n<div>\nTras aceptar su responsabilidad y con los datos de prueba aportados por parte de la Fiscal\u00eda General del estado en la carpeta de investigaci\u00f3n, este d\u00eda se dio paso al juicio abreviado en donde se decret\u00f3 la culpabilidad del acusado, por lo que ser\u00e1 el viernes cuando se dicte sentencia y la cantidad que ser\u00e1 fijada como reparaci\u00f3n del da\u00f1o.<\/div>\n<div>\nEn la denuncia interpuesta &nbsp;se detalla que el pasado 8 de mayo la v\u00edctima Cecilio Baak Poot &nbsp;recibi\u00f3 un disparo por parte del imputado tras ser confundido con un pavo de monte, cuando se encontraban en un monte del municipio de Tekom.<\/div>\n<\/div>\n<div style=\"-webkit-composition-fill-color: rgba(130, 98, 83, 0.0976563); -webkit-composition-frame-color: rgba(191, 107, 82, 0.496094); -webkit-tap-highlight-color: rgba(26, 26, 26, 0.296875); font-family: Noteworthy; font-size: 20px; font-weight: bold; line-height: 26px;\">\nV\u00edctor Manuel hab\u00eda ido de cacer\u00eda con su hermano Laureano, pero supuestamente desconoc\u00eda que su t\u00edo tambi\u00e9n hab\u00eda salido a cazar, de manera que le dispar\u00f3 en la cabeza al confundirlo.<\/div>\n<div style=\"-webkit-composition-fill-color: rgba(130, 98, 83, 0.0976563); -webkit-composition-frame-color: rgba(191, 107, 82, 0.496094); -webkit-tap-highlight-color: rgba(26, 26, 26, 0.296875); font-family: Noteworthy; font-size: 20px; font-weight: bold; line-height: 26px;\">\nLos hermanos llevaban escopetas calibres .20 y .16, mismas que les hab\u00edan dado prestadas C\u00e9sar Canul Poot y C\u00e1ndido Pech Ku, a quienes les ofrecieron que en caso de cazar alg\u00fan animal les tocar\u00eda una pierna.<\/p>\n<div class=\"separator\" style=\"clear: both;\">\n<a href=\"https:\/\/lh6.googleusercontent.com\/-L8HymVwkL_o\/U6KJNohZ-ZI\/AAAAAAAAhwM\/KQ3ckdBxR1I\/s640\/blogger-image--1713633858.jpg\" imageanchor=\"1\" style=\"margin-left: 1em; margin-right: 1em;\"><img decoding=\"async\" border=\"0\" src=\"https:\/\/lh6.googleusercontent.com\/-L8HymVwkL_o\/U6KJNohZ-ZI\/AAAAAAAAhwM\/KQ3ckdBxR1I\/s640\/blogger-image--1713633858.jpg\"><\/a><\/div>\n<\/div>\n","protected":false},"excerpt":{"rendered":"<p>El Juez Primero de Control del Quinto Distrito Judicial del Sistema de Justicia Acusatorio y Oral con sede en Valladolid, dict\u00f3 sentencia condenatoria de un a\u00f1o y seis meses de<\/p>\n","protected":false},"author":1,"featured_media":16133,"comment_status":"open","ping_status":"open","sticky":false,"template":"","format":"standard","meta":{"jetpack_post_was_ever_published":false,"_jetpack_newsletter_access":"","_jetpack_dont_email_post_to_subs":false,"_jetpack_newsletter_tier_id":0,"_jetpack_memberships_contains_paywalled_content":false,"_jetpack_memberships_contains_paid_content":false,"footnotes":"","jetpack_publicize_message":"","jetpack_publicize_feature_enabled":true,"jetpack_social_post_already_shared":false,"jetpack_social_options":{"image_generator_settings":{"template":"highway","default_image_id":0,"font":"","enabled":false},"version":2}},"categories":[9,3,1],"tags":[],"class_list":["post-3011","post","type-post","status-publish","format-standard","has-post-thumbnail","hentry","category-destacadas","category-portada","category-sin-categoria"],"jetpack_publicize_connections":[],"jetpack_featured_media_url":"https:\/\/formalprision.com\/wp-content\/uploads\/2014\/06\/blogger-image-1659572591.jpg","jetpack_sharing_enabled":true,"jetpack_shortlink":"https:\/\/wp.me\/p6id8p-Mz","_links":{"self":[{"href":"https:\/\/formalprision.com\/index.php?rest_route=\/wp\/v2\/posts\/3011","targetHints":{"allow":["GET"]}}],"collection":[{"href":"https:\/\/formalprision.com\/index.php?rest_route=\/wp\/v2\/posts"}],"about":[{"href":"https:\/\/formalprision.com\/index.php?rest_route=\/wp\/v2\/types\/post"}],"author":[{"embeddable":true,"href":"https:\/\/formalprision.com\/index.php?rest_route=\/wp\/v2\/users\/1"}],"replies":[{"embeddable":true,"href":"https:\/\/formalprision.com\/index.php?rest_route=%2Fwp%2Fv2%2Fcomments&post=3011"}],"version-history":[{"count":0,"href":"https:\/\/formalprision.com\/index.php?rest_route=\/wp\/v2\/posts\/3011\/revisions"}],"wp:featuredmedia":[{"embeddable":true,"href":"https:\/\/formalprision.com\/index.php?rest_route=\/wp\/v2\/media\/16133"}],"wp:attachment":[{"href":"https:\/\/formalprision.com\/index.php?rest_route=%2Fwp%2Fv2%2Fmedia&parent=3011"}],"wp:term":[{"taxonomy":"category","embeddable":true,"href":"https:\/\/formalprision.com\/index.php?rest_route=%2Fwp%2Fv2%2Fcategories&post=3011"},{"taxonomy":"post_tag","embeddable":true,"href":"https:\/\/formalprision.com\/index.php?rest_route=%2Fwp%2Fv2%2Ftags&post=3011"}],"curies":[{"name":"wp","href":"https:\/\/api.w.org\/{rel}","templated":true}]}}