{"id":30196,"date":"2015-06-18T04:37:47","date_gmt":"2015-06-18T04:37:47","guid":{"rendered":"http:\/\/formalprision.com\/?p=30196"},"modified":"2015-06-18T04:37:47","modified_gmt":"2015-06-18T04:37:47","slug":"acribillan-de-5-balazos-a-una-modelo-colombiana","status":"publish","type":"post","link":"https:\/\/formalprision.com\/?p=30196","title":{"rendered":"Acribillan de 5 balazos a una modelo colombiana"},"content":{"rendered":"<p>La modelo Diana Alejandra Rinc\u00f3n, oriunda de Cali, fue hallada con cinco disparos en la cabeza el viernes pasado en el v\u00eda que conduce a la localidad de Rozo Palmira, en el Valle del Cauca. Sin embargo, sus restos fueron identificados este mi\u00e9rcoles.<\/p>\n<p>El cad\u00e1ver fue descubierto en una siembra de ca\u00f1as de az\u00facar por trabajadores de la zona, seg\u00fan difundi\u00f3 El Universal de Colombia. El jueves pasado, la bella joven sali\u00f3 de su casa en el sur de Cali hacia una discoteca, pero muy preocupados por su desaparici\u00f3n, el viernes sus familiares dieron aviso a la polic\u00eda. \u00abNo sabemos d\u00f3nde fue asesinada\u00bb, admiti\u00f3 el comandante de esa regi\u00f3n, coronel Fernando Murillo.<\/p>\n<p>Seg\u00fan difundi\u00f3 El Espectador, las autoridades no descartan que este crimen tenga que ver con violencia de g\u00e9nero, ya que hace apenas unos meses hab\u00eda terminado con su novio, con quien hab\u00eda tenido una relaci\u00f3n conflictiva.<\/p>\n<p>El diario detalla que Rinc\u00f3n era modelo de fotograf\u00eda y protocolo. Trabaj\u00f3 para reconocidas marcas del pa\u00eds y protagoniz\u00f3 varios videos musicales de artistas nacionales. En octubre de 2014, particip\u00f3 en el concurso a la Mejor Cola del Valle, donde obtuvo el tercer puesto y, de acuerdo con sus familiares, ten\u00eda planeado viajar a Panam\u00e1 a realizar una campa\u00f1a de publicidad.<\/p>\n<p><em>Fuente: Infobae<\/em><\/p>\n","protected":false},"excerpt":{"rendered":"<p>La modelo Diana Alejandra Rinc\u00f3n, oriunda de Cali, fue hallada con cinco disparos en la cabeza el viernes pasado en el v\u00eda que conduce a la localidad de Rozo Palmira,<\/p>\n","protected":false},"author":1,"featured_media":30198,"comment_status":"open","ping_status":"open","sticky":false,"template":"","format":"standard","meta":{"jetpack_post_was_ever_published":false,"_jetpack_newsletter_access":"","_jetpack_dont_email_post_to_subs":false,"_jetpack_newsletter_tier_id":0,"_jetpack_memberships_contains_paywalled_content":false,"_jetpack_memberships_contains_paid_content":false,"footnotes":"","jetpack_publicize_message":"","jetpack_publicize_feature_enabled":true,"jetpack_social_post_already_shared":true,"jetpack_social_options":{"image_generator_settings":{"template":"highway","default_image_id":0,"font":"","enabled":false},"version":2}},"categories":[23],"tags":[290,289,178],"class_list":["post-30196","post","type-post","status-publish","format-standard","has-post-thumbnail","hentry","category-del-mundo","tag-acribillada","tag-colombiana","tag-modelo"],"jetpack_publicize_connections":[],"jetpack_featured_media_url":"https:\/\/formalprision.com\/wp-content\/uploads\/2015\/06\/modelo-colombiana.jpg","jetpack_sharing_enabled":true,"jetpack_shortlink":"https:\/\/wp.me\/p6id8p-7R2","_links":{"self":[{"href":"https:\/\/formalprision.com\/index.php?rest_route=\/wp\/v2\/posts\/30196","targetHints":{"allow":["GET"]}}],"collection":[{"href":"https:\/\/formalprision.com\/index.php?rest_route=\/wp\/v2\/posts"}],"about":[{"href":"https:\/\/formalprision.com\/index.php?rest_route=\/wp\/v2\/types\/post"}],"author":[{"embeddable":true,"href":"https:\/\/formalprision.com\/index.php?rest_route=\/wp\/v2\/users\/1"}],"replies":[{"embeddable":true,"href":"https:\/\/formalprision.com\/index.php?rest_route=%2Fwp%2Fv2%2Fcomments&post=30196"}],"version-history":[{"count":0,"href":"https:\/\/formalprision.com\/index.php?rest_route=\/wp\/v2\/posts\/30196\/revisions"}],"wp:featuredmedia":[{"embeddable":true,"href":"https:\/\/formalprision.com\/index.php?rest_route=\/wp\/v2\/media\/30198"}],"wp:attachment":[{"href":"https:\/\/formalprision.com\/index.php?rest_route=%2Fwp%2Fv2%2Fmedia&parent=30196"}],"wp:term":[{"taxonomy":"category","embeddable":true,"href":"https:\/\/formalprision.com\/index.php?rest_route=%2Fwp%2Fv2%2Fcategories&post=30196"},{"taxonomy":"post_tag","embeddable":true,"href":"https:\/\/formalprision.com\/index.php?rest_route=%2Fwp%2Fv2%2Ftags&post=30196"}],"curies":[{"name":"wp","href":"https:\/\/api.w.org\/{rel}","templated":true}]}}