{"id":30205,"date":"2015-06-18T17:44:57","date_gmt":"2015-06-18T17:44:57","guid":{"rendered":"http:\/\/formalprision.com\/?p=30205"},"modified":"2015-06-18T17:44:57","modified_gmt":"2015-06-18T17:44:57","slug":"se-inauguro-el-primer-congreso-nacional-sobre-evaluacion-del-desempeno","status":"publish","type":"post","link":"https:\/\/formalprision.com\/?p=30205","title":{"rendered":"Se inaugur\u00f3 el primer Congreso Nacional sobre Evaluaci\u00f3n del Desempe\u00f1o."},"content":{"rendered":"<p>M\u00e9rida, Yucat\u00e1n, 18 de junio de 2015.- (COMUNICADO) El Gobernador Rolando Zapata Bello inaugur\u00f3 el primer Congreso Nacional sobre Evaluaci\u00f3n del Desempe\u00f1o, actividad que se realiza en el marco de la Semana de la Evaluaci\u00f3n en M\u00e9xico 2015 y que tiene como objetivo conocer, analizar e intercambiar informaci\u00f3n sobre procesos, mediciones e indicadores relacionados con el examen de pol\u00edticas p\u00fablicas y la rendici\u00f3n de cuentas a la ciudadan\u00eda.<\/p>\n<p>Acompa\u00f1ado por el director General de Coordinaci\u00f3n del Sistema Nacional de Informaci\u00f3n Estad\u00edstica y Geogr\u00e1fica del Instituto Nacional de Estad\u00edstica y Geograf\u00eda (Inegi), Norberto Roque D\u00edaz de Le\u00f3n, asegur\u00f3 que Yucat\u00e1n tiene un s\u00f3lido compromiso con la creaci\u00f3n de sinergias entre el Gobierno, sociedad civil y academia para fomentar esquemas de transparencia relacionados con el monitoreo y estudio de dichas pol\u00edticas.<\/p>\n<p>En el evento, realizado en el Sal\u00f3n Uxmal del Centro de Convenciones Yucat\u00e1n Siglo XXI, se\u00f1al\u00f3 que derivado de estas acciones, en la entidad se ha conformado un Comit\u00e9 Estatal que da seguimiento y examina los programas y tareas que se impulsan desde la administraci\u00f3n estatal.<\/p>\n<p>Tambi\u00e9n, agreg\u00f3, se estableci\u00f3 el Sistema Estatal de Evaluaci\u00f3n del Desempe\u00f1o, en el que se fijan metas claras y medibles para los esquemas gubernamentales y las dependencias.<\/p>\n<p>\u201cComo parte de este compromiso, en 2014 se public\u00f3 el primer Programa Anual de Evaluaci\u00f3n para Yucat\u00e1n, mismo que nos permiti\u00f3 realizar el ejercicio, in\u00e9dito hasta esa fecha, de la evaluaci\u00f3n al desempe\u00f1o en el estado.<\/p>\n<p>\u201cAmbos compromisos son pilares que impulsan la mejora consistente de las acciones y programas p\u00fablicos, y que impulsan la transparencia y la adecuada rendici\u00f3n de cuentas\u201d, asever\u00f3 Zapata Bello.<\/p>\n<p>Roque D\u00edaz de Le\u00f3n reconoci\u00f3 al Gobierno del Estado por implementar, desde su inicio, una herramienta de auto registro de procesos administrativos que ahora, gracias a su eficacia, se ha tomado como ejemplo para ejecutarse en cinco estados de la naci\u00f3n.<\/p>\n<p>\u201cGracias a Yucat\u00e1n y al Gobernador Zapata Bello por trabajar a favor de la transparencia y la rendici\u00f3n de cuentas, y por detonar este ejercicio que se replicar\u00e1 en todo el pa\u00eds y que se tomar\u00e1 como modelo a seguir\u201d.<\/p>\n<p>El director General Adjunto de Coordinaci\u00f3n del Consejo Nacional de Evaluaci\u00f3n de la Pol\u00edtica de Desarrollo Social (Coneval), Edgar Mart\u00ednez Mendoza, inform\u00f3 que en este Congreso participan 12 estados de la Rep\u00fablica, entre los cuales Yucat\u00e1n se coloca a la cabeza al aplicar acciones para el an\u00e1lisis y generaci\u00f3n de informaci\u00f3n confiable, lo que sin duda ayudar\u00e1 a mejorar las estrategias p\u00fablicas.<\/p>\n<p>El secretario T\u00e9cnico del Gabinete, Planeaci\u00f3n y Evaluaci\u00f3n del Gobierno estatal, Guillermo Cort\u00e9s Gonz\u00e1lez, inform\u00f3 que la Semana de la Evaluaci\u00f3n en M\u00e9xico 2015 se celebra del 15 al 19 de junio.<\/p>\n<p>Detall\u00f3 que en este primer Congreso participan titulares y representantes de la Secretar\u00eda de Hacienda y Cr\u00e9dito P\u00fablico (SHCP), del Inegi, Coneval y del Centro Regional para el Aprendizaje en Evaluaci\u00f3n y Resultados (Clear por sus siglas en ingl\u00e9s).<\/p>\n<p>Tambi\u00e9n, de la Agencia Mexicana de Cooperaci\u00f3n Internacional para el Desarrollo (Amexcid), el Instituto para el Desarrollo T\u00e9cnico de las Haciendas P\u00fablicas (Indetec) y responsables de Seguimiento y Evaluaci\u00f3n de diversos estados, representantes de la sociedad civil, universidades y colegios de profesionistas.<\/p>\n<p>Estuvieron en la inauguraci\u00f3n el secretario de Administraci\u00f3n y Finanzas, Alfredo D\u00e1jer Abimerhi; la directora de An\u00e1lisis y Seguimiento a Evaluaciones de la SHCP, Olivia Valdovinos Sarabia y el subdirector de Cooperaci\u00f3n con Am\u00e9rica Latina de la Amexcid, Cristian Becerra Monroy.<\/p>\n<p>De igual forma, el encargado del despacho de la Secretar\u00eda de Planeaci\u00f3n, Gesti\u00f3n P\u00fablica y Programas de Gobierno del Estado de Chiapas, Carlos Mario Soto Pinto.<\/p>\n","protected":false},"excerpt":{"rendered":"<p>M\u00e9rida, Yucat\u00e1n, 18 de junio de 2015.- (COMUNICADO) El Gobernador Rolando Zapata Bello inaugur\u00f3 el primer Congreso Nacional sobre Evaluaci\u00f3n del Desempe\u00f1o, actividad que se realiza en el marco de<\/p>\n","protected":false},"author":1,"featured_media":30206,"comment_status":"open","ping_status":"open","sticky":false,"template":"","format":"standard","meta":{"jetpack_post_was_ever_published":false,"_jetpack_newsletter_access":"","_jetpack_dont_email_post_to_subs":false,"_jetpack_newsletter_tier_id":0,"_jetpack_memberships_contains_paywalled_content":false,"_jetpack_memberships_contains_paid_content":false,"footnotes":"","jetpack_publicize_message":"","jetpack_publicize_feature_enabled":true,"jetpack_social_post_already_shared":true,"jetpack_social_options":{"image_generator_settings":{"template":"highway","default_image_id":0,"font":"","enabled":false},"version":2}},"categories":[17],"tags":[],"class_list":["post-30205","post","type-post","status-publish","format-standard","has-post-thumbnail","hentry","category-politica-y-gobierno"],"jetpack_publicize_connections":[],"jetpack_featured_media_url":"https:\/\/formalprision.com\/wp-content\/uploads\/2015\/06\/image52-e1434649424722.jpg","jetpack_sharing_enabled":true,"jetpack_shortlink":"https:\/\/wp.me\/p6id8p-7Rb","_links":{"self":[{"href":"https:\/\/formalprision.com\/index.php?rest_route=\/wp\/v2\/posts\/30205","targetHints":{"allow":["GET"]}}],"collection":[{"href":"https:\/\/formalprision.com\/index.php?rest_route=\/wp\/v2\/posts"}],"about":[{"href":"https:\/\/formalprision.com\/index.php?rest_route=\/wp\/v2\/types\/post"}],"author":[{"embeddable":true,"href":"https:\/\/formalprision.com\/index.php?rest_route=\/wp\/v2\/users\/1"}],"replies":[{"embeddable":true,"href":"https:\/\/formalprision.com\/index.php?rest_route=%2Fwp%2Fv2%2Fcomments&post=30205"}],"version-history":[{"count":0,"href":"https:\/\/formalprision.com\/index.php?rest_route=\/wp\/v2\/posts\/30205\/revisions"}],"wp:featuredmedia":[{"embeddable":true,"href":"https:\/\/formalprision.com\/index.php?rest_route=\/wp\/v2\/media\/30206"}],"wp:attachment":[{"href":"https:\/\/formalprision.com\/index.php?rest_route=%2Fwp%2Fv2%2Fmedia&parent=30205"}],"wp:term":[{"taxonomy":"category","embeddable":true,"href":"https:\/\/formalprision.com\/index.php?rest_route=%2Fwp%2Fv2%2Fcategories&post=30205"},{"taxonomy":"post_tag","embeddable":true,"href":"https:\/\/formalprision.com\/index.php?rest_route=%2Fwp%2Fv2%2Ftags&post=30205"}],"curies":[{"name":"wp","href":"https:\/\/api.w.org\/{rel}","templated":true}]}}