{"id":30217,"date":"2015-06-19T00:15:33","date_gmt":"2015-06-19T00:15:33","guid":{"rendered":"http:\/\/formalprision.com\/?p=30217"},"modified":"2015-06-19T00:15:33","modified_gmt":"2015-06-19T00:15:33","slug":"ganamos-para-servir-no-para-figurar-mauricio-vila","status":"publish","type":"post","link":"https:\/\/formalprision.com\/?p=30217","title":{"rendered":"\u201cGanamos para servir, no para figurar\u201d, Mauricio Vila"},"content":{"rendered":"<p>MERIDA, Yucat\u00e1n, a 18 de junio de 2015. (Comunicado) El alcalde electo de M\u00e9rida, Mauricio Vila Dosal, hizo un llamado a sus compa\u00f1eros regidores para que todos transiten hacia el mismo camino: lograr que el Ayuntamiento 2015-20018 sea de los mejores que ha tenido la historia de M\u00e9rida.<\/p>\n<p>La posici\u00f3n de ser regidor, recalc\u00f3, es de mucha responsabilidad y de servicio, de manera que debemos estar conscientes de esto y dejar de creer que hemos ganado una posici\u00f3n de privilegio que nos de ventajas.<\/p>\n<p>-Nosotros no ganamos este cargo para nos vean figurando en primeras filas, nosotros ganamos para servir \u2013recalc\u00f3.<\/p>\n<p>Vila Dosal habl\u00f3 durante una primera reuni\u00f3n de capacitaci\u00f3n en la que particip\u00f3 junto con todos los regidores panistas que lo acompa\u00f1ar\u00e1n en los pr\u00f3ximos tres a\u00f1os en el Ayuntamiento de M\u00e9rida, sobre aspectos jur\u00eddicos y administrativos, principalmente enfocados al proceso de entrega-recepci\u00f3n.<\/p>\n<p>La junta corri\u00f3 a cargo de la abogada y catedr\u00e1tica universitaria Mar\u00eda Fritz Sierra, actual regidora electa responsable de los asuntos jur\u00eddicos municipales en el trienio de Boj\u00f3rquez Zapata e integrante del equipo que defiende a la Comuna en el conflicto por las luminarias del alumbrado p\u00fablico.<\/p>\n<p>Asistieron todos los regidores, adem\u00e1s del alcalde electo y de la abogada Fritz Sierra, Mauricio D\u00edaz Montalvo, Dafne L\u00f3pez Osorio, Claudia Canto M\u00e9zquita, Jos\u00e9 Luis Mart\u00ednez Semerena, Leonardo Parra Canto, Arturo Sabido G\u00f3ngora, V\u00edctor Merari S\u00e1nchez Roca, Rosa Ceballos Madera y Rommel Uribe Capetillo.<\/p>\n<p>Los acompa\u00f1\u00f3 el presidente del Comit\u00e9 Directivo Municipal, Gerardo Bolio de Ocampo, quien felicit\u00f3 a todos los presentes por el encargo de responsabilidad social e institucional que les corresponder\u00e1 desempe\u00f1ar en el siguiente trienio.<\/p>\n<p>Tras la revisi\u00f3n de diversas normas contenidas en la Ley de Gobierno de los Municipios del Estado de Yucat\u00e1n, el alcalde electo dirigi\u00f3 un mensaje a sus compa\u00f1eros en el que les indic\u00f3 que el objetivo es lograr una administraci\u00f3n efectiva y eficiente, para lo cual se requiere que tengan una mejor y mayor conciencia.<\/p>\n<p>Advirti\u00f3 que para lograr lo anterior tambi\u00e9n indic\u00f3 que como alcalde no permitir\u00e1 tolerancia alguna sobre cualquier indicio de corrupci\u00f3n.<\/p>\n<p>-Tambi\u00e9n requerimos que todos tengamos una mayor madurez pol\u00edtica de manera que podamos entablar di\u00e1logo con los otros regidores que representar\u00e1n las dem\u00e1s fuerzas pol\u00edticas en M\u00e9rida \u2013agreg\u00f3-. Y desde ahora les pido que seamos puntuales, porque lo correcto es que respetemos los tiempos de todos.<\/p>\n<p>Por favor, a\u00f1adi\u00f3, tambi\u00e9n les pido que tengan en cuenta lo relativo con el buen manejo de las redes sociales, ya que como regidores todo lo que escriba puede ser nota para algunos medios.<\/p>\n<p>Bolio de Ocampo agreg\u00f3 la reuni\u00f3n del alcalde electo con los regidores marca un buen inicio para lograr una excelente coordinaci\u00f3n entre todo el cuerpo edilicio y el Partido, y pueda funcionar mejor como sistema.<\/p>\n<p>La junta, que se llev\u00f3 al cabo en las instalaciones del CDE del PAN, comenz\u00f3 a las 9 de la ma\u00f1ana y concluy\u00f3 tres horas despu\u00e9s.<\/p>\n","protected":false},"excerpt":{"rendered":"<p>MERIDA, Yucat\u00e1n, a 18 de junio de 2015. (Comunicado) El alcalde electo de M\u00e9rida, Mauricio Vila Dosal, hizo un llamado a sus compa\u00f1eros regidores para que todos transiten hacia el<\/p>\n","protected":false},"author":1,"featured_media":30218,"comment_status":"open","ping_status":"open","sticky":false,"template":"","format":"standard","meta":{"jetpack_post_was_ever_published":false,"_jetpack_newsletter_access":"","_jetpack_dont_email_post_to_subs":false,"_jetpack_newsletter_tier_id":0,"_jetpack_memberships_contains_paywalled_content":false,"_jetpack_memberships_contains_paid_content":false,"footnotes":"","jetpack_publicize_message":"","jetpack_publicize_feature_enabled":true,"jetpack_social_post_already_shared":true,"jetpack_social_options":{"image_generator_settings":{"template":"highway","default_image_id":0,"font":"","enabled":false},"version":2}},"categories":[17],"tags":[],"class_list":["post-30217","post","type-post","status-publish","format-standard","has-post-thumbnail","hentry","category-politica-y-gobierno"],"jetpack_publicize_connections":[],"jetpack_featured_media_url":"https:\/\/formalprision.com\/wp-content\/uploads\/2015\/06\/image54-e1434672833483.jpg","jetpack_sharing_enabled":true,"jetpack_shortlink":"https:\/\/wp.me\/p6id8p-7Rn","_links":{"self":[{"href":"https:\/\/formalprision.com\/index.php?rest_route=\/wp\/v2\/posts\/30217","targetHints":{"allow":["GET"]}}],"collection":[{"href":"https:\/\/formalprision.com\/index.php?rest_route=\/wp\/v2\/posts"}],"about":[{"href":"https:\/\/formalprision.com\/index.php?rest_route=\/wp\/v2\/types\/post"}],"author":[{"embeddable":true,"href":"https:\/\/formalprision.com\/index.php?rest_route=\/wp\/v2\/users\/1"}],"replies":[{"embeddable":true,"href":"https:\/\/formalprision.com\/index.php?rest_route=%2Fwp%2Fv2%2Fcomments&post=30217"}],"version-history":[{"count":0,"href":"https:\/\/formalprision.com\/index.php?rest_route=\/wp\/v2\/posts\/30217\/revisions"}],"wp:featuredmedia":[{"embeddable":true,"href":"https:\/\/formalprision.com\/index.php?rest_route=\/wp\/v2\/media\/30218"}],"wp:attachment":[{"href":"https:\/\/formalprision.com\/index.php?rest_route=%2Fwp%2Fv2%2Fmedia&parent=30217"}],"wp:term":[{"taxonomy":"category","embeddable":true,"href":"https:\/\/formalprision.com\/index.php?rest_route=%2Fwp%2Fv2%2Fcategories&post=30217"},{"taxonomy":"post_tag","embeddable":true,"href":"https:\/\/formalprision.com\/index.php?rest_route=%2Fwp%2Fv2%2Ftags&post=30217"}],"curies":[{"name":"wp","href":"https:\/\/api.w.org\/{rel}","templated":true}]}}