{"id":30230,"date":"2015-06-19T01:20:18","date_gmt":"2015-06-19T01:20:18","guid":{"rendered":"http:\/\/formalprision.com\/?p=30230"},"modified":"2015-06-19T01:20:18","modified_gmt":"2015-06-19T01:20:18","slug":"muere-el-papa-de-la-actriz-penelope-cruz","status":"publish","type":"post","link":"https:\/\/formalprision.com\/?p=30230","title":{"rendered":"Muere el pap\u00e1 de la actriz Pen\u00e9lope Cruz"},"content":{"rendered":"<p>El padre de la actriz espa\u00f1ola Pen\u00e9lope Cruz, Eduardo Cruz, falleci\u00f3 a los 62 a\u00f1os en la madrugada de este jueves en su domicilio de La Manga del Mar Menor, en Espa\u00f1a, como consecuencia de un posible paro cardiaco.<\/p>\n<p>El cuerpo fue trasladado esta ma\u00f1ana al tanatorio Dos Mares de El Algar y esta tarde est\u00e1 siendo llevado a Madrid, donde tendr\u00e1 lugar el velatorio.<\/p>\n<p>Seg\u00fan fuentes consultadas, personal sanitario del 061 se traslad\u00f3 hacia las 2:30 de la madrugada para atender a Cruz en su vivienda, en la urbanizaci\u00f3n Marinesco, situada en el t\u00e9rmino municipal de San Javier, cerca del puerto Tom\u00e1s Maestre, aunque no pudieron hacer nada por salvar su vida.<\/p>\n<p>Eduardo Cruz resid\u00eda en la zona con su segunda pareja, la cartagenera Carmen Moreno, quien regenta una peluquer\u00eda. Seg\u00fan las fuentes consultadas, Cruz sufr\u00eda problemas de coraz\u00f3n por los que tuvo que ser asistido en el Hospital Santa Luc\u00eda de Cartagena en junio de 2012.<\/p>\n<p>En aquella ocasi\u00f3n la famosa actriz, que reside en EE UU junto a su marido Javier Bardem, se desplaz\u00f3 hasta Cartagena para visitar a su padre.<\/p>\n<p>Eduardo Cruz era tambi\u00e9n padre de la actriz M\u00f3nica Cruz, del hermano de \u00e9sta, Eduardo, y de Salma, hija que tuvo en com\u00fan con la que era su actual pareja.<\/p>\n<p><em>Fuente: laverdad.es<\/em><\/p>\n","protected":false},"excerpt":{"rendered":"<p>El padre de la actriz espa\u00f1ola Pen\u00e9lope Cruz, Eduardo Cruz, falleci\u00f3 a los 62 a\u00f1os en la madrugada de este jueves en su domicilio de La Manga del Mar Menor,<\/p>\n","protected":false},"author":1,"featured_media":30232,"comment_status":"open","ping_status":"open","sticky":false,"template":"","format":"standard","meta":{"jetpack_post_was_ever_published":false,"_jetpack_newsletter_access":"","_jetpack_dont_email_post_to_subs":false,"_jetpack_newsletter_tier_id":0,"_jetpack_memberships_contains_paywalled_content":false,"_jetpack_memberships_contains_paid_content":false,"footnotes":"","jetpack_publicize_message":"","jetpack_publicize_feature_enabled":true,"jetpack_social_post_already_shared":true,"jetpack_social_options":{"image_generator_settings":{"template":"highway","default_image_id":0,"font":"","enabled":false},"version":2}},"categories":[33,32],"tags":[301,302],"class_list":["post-30230","post","type-post","status-publish","format-standard","has-post-thumbnail","hentry","category-cultura","category-espectaculos","tag-padre","tag-penelope-cruz"],"jetpack_publicize_connections":[],"jetpack_featured_media_url":"https:\/\/formalprision.com\/wp-content\/uploads\/2015\/06\/penelope_cruz_y_su_padre_960x540.jpg","jetpack_sharing_enabled":true,"jetpack_shortlink":"https:\/\/wp.me\/p6id8p-7RA","_links":{"self":[{"href":"https:\/\/formalprision.com\/index.php?rest_route=\/wp\/v2\/posts\/30230","targetHints":{"allow":["GET"]}}],"collection":[{"href":"https:\/\/formalprision.com\/index.php?rest_route=\/wp\/v2\/posts"}],"about":[{"href":"https:\/\/formalprision.com\/index.php?rest_route=\/wp\/v2\/types\/post"}],"author":[{"embeddable":true,"href":"https:\/\/formalprision.com\/index.php?rest_route=\/wp\/v2\/users\/1"}],"replies":[{"embeddable":true,"href":"https:\/\/formalprision.com\/index.php?rest_route=%2Fwp%2Fv2%2Fcomments&post=30230"}],"version-history":[{"count":0,"href":"https:\/\/formalprision.com\/index.php?rest_route=\/wp\/v2\/posts\/30230\/revisions"}],"wp:featuredmedia":[{"embeddable":true,"href":"https:\/\/formalprision.com\/index.php?rest_route=\/wp\/v2\/media\/30232"}],"wp:attachment":[{"href":"https:\/\/formalprision.com\/index.php?rest_route=%2Fwp%2Fv2%2Fmedia&parent=30230"}],"wp:term":[{"taxonomy":"category","embeddable":true,"href":"https:\/\/formalprision.com\/index.php?rest_route=%2Fwp%2Fv2%2Fcategories&post=30230"},{"taxonomy":"post_tag","embeddable":true,"href":"https:\/\/formalprision.com\/index.php?rest_route=%2Fwp%2Fv2%2Ftags&post=30230"}],"curies":[{"name":"wp","href":"https:\/\/api.w.org\/{rel}","templated":true}]}}