{"id":30237,"date":"2015-06-19T01:39:25","date_gmt":"2015-06-19T01:39:25","guid":{"rendered":"http:\/\/formalprision.com\/?p=30237"},"modified":"2015-06-19T02:51:24","modified_gmt":"2015-06-19T02:51:24","slug":"cumple-14-anos-el-centro-de-superacion-sara-mena-de-correa","status":"publish","type":"post","link":"https:\/\/formalprision.com\/?p=30237","title":{"rendered":"Cumple 14 a\u00f1os el Centro de Superaci\u00f3n &#8216;Sara Mena de Correa&#8217;"},"content":{"rendered":"<p>Con un vistoso festival que incluy\u00f3 la presentaci\u00f3n del taller de guitarra, coloridas pasarelas de los talleres de corte y confecci\u00f3n y cultora de belleza; piezas de ballet, jazz y jarana, muestra de tae kwon do, exhibici\u00f3n y venta de productos y trabajos de artes pl\u00e1sticas y reconocimientos a los casos de \u00e9xito, el Centro de Superaci\u00f3n Integral \u201cSara Mena de Correa\u201d se visti\u00f3 de fiesta para celebrar sus primeros 14 a\u00f1os la tarde de este mi\u00e9rcoles 17 de junio.<\/p>\n<p>Ubicado en la colonia Fidel Vel\u00e1zquez, en el oriente de M\u00e9rida, el Centro de Superaci\u00f3n \u201cSara Mena de Correa\u201d es el m\u00e1s concurrido del municipio y ha transformado el entorno de la zona desde hace 14 a\u00f1os gracias a la oferta de servicios que presta y la cual lo hace el m\u00e1s grande de su tipo.<\/p>\n<p>Actualmente cuenta con m\u00e1s de 878 usuarios y se imparten los talleres de Artes Pl\u00e1sticas, Ballet, Club de la Tercera Edad del DIF Municipal, Cocina y Reposter\u00eda, Corte y Confecci\u00f3n, Cultora de Belleza, Taller de Guitarra, Jarana, Jazz, Manualidades, Regularizaci\u00f3n Educativa, Tae kwon do, Taller de C\u00f3mputo, Taller de Ingl\u00e9s, Taller Infantil y Zumba.<\/p>\n<p>El director de Desarrollo Social, Julio Sauma Castillo, felicit\u00f3 a los alumnos, profesores, personal administrativo y vecinos de la zona por su compromiso para mantener al Centro Sara Mena como el de mayor afluencia de usuarios y oferta de servicios de su tipo y agradeci\u00f3 la confianza depositada en el Ayuntamiento.<\/p>\n<p>Los casos exitosos que recibieron reconocimiento fueron Mar\u00eda Enedina May Tzab y Laura Sosa Poot, ambas egresadas del taller de manualidades y ahora profesoras de este oficio en los centros de superaci\u00f3n de San Jos\u00e9, Salvador Alvarado y Chablekal, respectivamente.<\/p>\n<p>La coordinadora del Centro Sara Mena, Martha Chami Rosado, quien ha estado ah\u00ed m\u00e1s de 10 a\u00f1os, tambi\u00e9n recibi\u00f3 un reconocimiento a nombre de \u00e9ste, sus maestros y personal operativo.<\/p>\n<p>La lista completa de los Centros de Superaci\u00f3n Integral y de Desarrollo Comunitario es la siguiente: Xocl\u00e1n Susul\u00e1, Amapola, San Jos\u00e9 Tecoh, Nora Quitana, Manuel Crescencio Rej\u00f3n, Vergel III, San Antonio Kaua, Carlos Castillo Peraza, Lindavista, Sara Mena de Correa, Francisco I. Madero, Las \u00c1guilas, Chuburn\u00e1, San Jos\u00e9, Miraflores, Reforma Agraria, Emiliano Zapata Sur, Salvador Alvarado Sur, Pinz\u00f3n II, Chablekal, Komch\u00e9n, Caucel y San Jos\u00e9 Tzal.<\/p>\n","protected":false},"excerpt":{"rendered":"<p>Con un vistoso festival que incluy\u00f3 la presentaci\u00f3n del taller de guitarra, coloridas pasarelas de los talleres de corte y confecci\u00f3n y cultora de belleza; piezas de ballet, jazz y<\/p>\n","protected":false},"author":1,"featured_media":30239,"comment_status":"open","ping_status":"open","sticky":false,"template":"","format":"standard","meta":{"jetpack_post_was_ever_published":false,"_jetpack_newsletter_access":"","_jetpack_dont_email_post_to_subs":false,"_jetpack_newsletter_tier_id":0,"_jetpack_memberships_contains_paywalled_content":false,"_jetpack_memberships_contains_paid_content":false,"footnotes":"","jetpack_publicize_message":"","jetpack_publicize_feature_enabled":true,"jetpack_social_post_already_shared":true,"jetpack_social_options":{"image_generator_settings":{"template":"highway","default_image_id":0,"font":"","enabled":false},"version":2}},"categories":[17],"tags":[174,307,309,308],"class_list":["post-30237","post","type-post","status-publish","format-standard","has-post-thumbnail","hentry","category-politica-y-gobierno","tag-aniversario","tag-centro","tag-sara-mena","tag-superacion"],"jetpack_publicize_connections":[],"jetpack_featured_media_url":"https:\/\/formalprision.com\/wp-content\/uploads\/2015\/06\/DSC00168.jpg","jetpack_sharing_enabled":true,"jetpack_shortlink":"https:\/\/wp.me\/p6id8p-7RH","_links":{"self":[{"href":"https:\/\/formalprision.com\/index.php?rest_route=\/wp\/v2\/posts\/30237","targetHints":{"allow":["GET"]}}],"collection":[{"href":"https:\/\/formalprision.com\/index.php?rest_route=\/wp\/v2\/posts"}],"about":[{"href":"https:\/\/formalprision.com\/index.php?rest_route=\/wp\/v2\/types\/post"}],"author":[{"embeddable":true,"href":"https:\/\/formalprision.com\/index.php?rest_route=\/wp\/v2\/users\/1"}],"replies":[{"embeddable":true,"href":"https:\/\/formalprision.com\/index.php?rest_route=%2Fwp%2Fv2%2Fcomments&post=30237"}],"version-history":[{"count":0,"href":"https:\/\/formalprision.com\/index.php?rest_route=\/wp\/v2\/posts\/30237\/revisions"}],"wp:featuredmedia":[{"embeddable":true,"href":"https:\/\/formalprision.com\/index.php?rest_route=\/wp\/v2\/media\/30239"}],"wp:attachment":[{"href":"https:\/\/formalprision.com\/index.php?rest_route=%2Fwp%2Fv2%2Fmedia&parent=30237"}],"wp:term":[{"taxonomy":"category","embeddable":true,"href":"https:\/\/formalprision.com\/index.php?rest_route=%2Fwp%2Fv2%2Fcategories&post=30237"},{"taxonomy":"post_tag","embeddable":true,"href":"https:\/\/formalprision.com\/index.php?rest_route=%2Fwp%2Fv2%2Ftags&post=30237"}],"curies":[{"name":"wp","href":"https:\/\/api.w.org\/{rel}","templated":true}]}}