{"id":30269,"date":"2015-06-19T23:39:34","date_gmt":"2015-06-19T23:39:34","guid":{"rendered":"http:\/\/formalprision.com\/?p=30269"},"modified":"2015-06-19T23:39:34","modified_gmt":"2015-06-19T23:39:34","slug":"el-gobernador-inaugura-la-primera-expo-foro-ambiental-2015","status":"publish","type":"post","link":"https:\/\/formalprision.com\/?p=30269","title":{"rendered":"El Gobernador inaugura la primera Expo Foro Ambiental 2015"},"content":{"rendered":"<p>M\u00e9rida, Yucat\u00e1n, 19 de junio de 2015.-(COMUNICADO) \u00a0Con la participaci\u00f3n de 143 estands y 80 expositores arranc\u00f3 la primera edici\u00f3n de la Expo Foro Ambiental 2015, que brindar\u00e1 al p\u00fablico una amplia gama de ofertas, informaci\u00f3n, opciones de financiamiento y servicios sustentables que promueven el respeto al medio ambiente.<\/p>\n<p>El Gobernador Rolando Zapata Bello, acompa\u00f1ado del titular de la Procuradur\u00eda Federal de Protecci\u00f3n al Ambiente (Profepa), Guillermo Haro B\u00e9lchez, inaugur\u00f3 dicha actividad respaldada por la Secretar\u00eda de Desarrollo Urbano y Medio Ambiente (Seduma) y la C\u00e1mara Nacional de Comercio, Servicios y Turismo (Canaco-Servytur) de M\u00e9rida.<\/p>\n<p>Durante la inauguraci\u00f3n, realizada en el Centro de Convenciones Yucat\u00e1n Siglo XXI, el mandatario destac\u00f3 que este evento es una muestra de que en la entidad el despegue econ\u00f3mico y social tienen como piso firme, el respeto irrestricto a la biodiversidad y el entorno.<\/p>\n<p>\u201cLa reindustrializaci\u00f3n en Yucat\u00e1n se est\u00e1 dando dentro de un marco que asegura que las empresas y las plantas que se instalan cumplan con las normas y las certificaciones ambientales. Del mismo modo, seguiremos trabajando en el programa de recuperaci\u00f3n de playas y se fomentar\u00e1n los financiamientos verdes que ya existen\u201d, apunt\u00f3.<\/p>\n<p>De igual manera, asegur\u00f3 que la entidad cuenta con una importante agenda ambiental, la cual necesita de la participaci\u00f3n de todos los grupos de la sociedad para alcanzar sus elevadas metas y materializar los esfuerzos en un futuro vertiginoso.<\/p>\n<p>\u201cYucat\u00e1n tiene una gran oportunidad en la econom\u00eda verde y generar empleos en este sector emergente y esa viabilidad en los ingresos tiene que estar dirigida a un impacto positivo en el ambiente. Por eso, recalcamos la importancia de adoptar tanto la cultura como las tecnolog\u00edas sustentables en todos los sectores de la econom\u00eda yucateca\u201d, asegur\u00f3.<\/p>\n<p>En su turno al habla, Haro B\u00e9lchez se\u00f1al\u00f3 que M\u00e9xico es uno de los pa\u00edses que, mediante su agenda ambiental, tiene el compromiso, hacia el 2050, de reducir en un 50 por ciento las emisiones de contaminaci\u00f3n hacia la atm\u00f3sfera, con respecto a la medici\u00f3n del 2000.<\/p>\n<p>Esto, a\u00f1adi\u00f3, es una meta ambiciosa que se apoya en un programa articulado entre el Gobierno de la Rep\u00fablica junto con las autoridades estatales y municipales.<\/p>\n<p>Mencion\u00f3 que se tienen identificadas m\u00e1s de 108 zonas cr\u00edticas forestales en todo el pa\u00eds y se muestra especial inter\u00e9s en proteger las nueve que existen en Yucat\u00e1n, donde se involucran vida silvestre, flora y fauna.<\/p>\n<p>Coment\u00f3 que para finales de 2018, el Gobierno federal pretende incrementar el porcentaje de \u00e1reas naturales mar\u00edtimas al pasar de tres a 10 por ciento, mientras que en tierra se busca aumentar del 12 al 20 por ciento de \u00e9stas.<\/p>\n<p>El titular de la Seduma, Eduardo Batllori Sampedro, resalt\u00f3 la necesidad de que los recursos estrat\u00e9gicos en este \u00e1mbito sean perdurables para el desarrollo de las futuras generaciones y con ello, se aproveche el capital natural que brinde un impacto positivo en la calidad de vida de los habitantes del estado.<\/p>\n<p>Por su parte, el presidente de la Canaco-Servytur M\u00e9rida, Jos\u00e9 Manuel L\u00f3pez Campos, explic\u00f3 que en este espacio participan empresas relacionadas con la gesti\u00f3n sustentable, reciclaje de residuos s\u00f3lidos, preservaci\u00f3n del agua, construcci\u00f3n de vivienda y edificios bioclim\u00e1ticos, as\u00ed como esquemas de movilidad no contaminantes, adem\u00e1s de producci\u00f3n agropecuaria org\u00e1nica y de bajo impacto ambiental.<\/p>\n<p>Asimismo, la representante en M\u00e9xico del Programa de las Naciones Unidas para el Medio Ambiente (PNUMA), Dolores Barrientos Alem\u00e1n, resalt\u00f3 que el Gobierno del Estado tiene las mejores estrategias ambientales en el pa\u00eds y que en los \u00faltimos a\u00f1os ha presentado un desarrollo sustentable con enfoque de econom\u00eda verde.<\/p>\n<p>En el marco de la ceremonia, los titulares de la Seduma y de la Canaco-Servytur M\u00e9rida entregaron a Zapata Bello un reconocimiento por sus acciones en favor de la conservaci\u00f3n de los recursos naturales.<\/p>\n<p>Al finalizar la actividad, el mandatario realiz\u00f3 un recorrido para conocer los estands de la Expo que estar\u00e1 ubicada en el Sal\u00f3n Chich\u00e9n Itz\u00e1 del Centro de Convenciones hasta el domingo 21 de junio.<\/p>\n<p>Estuvieron presentes el secretario de Fomento Econ\u00f3mico, David Alpizar Carrillo; el director General de Gesti\u00f3n Forestal y de Suelos de la Secretar\u00eda de Medio Ambiente y Recursos Naturales (Semarnat), C\u00e9sar Murillo Ju\u00e1rez, y el presidente de la Junta de Gobierno y Coordinaci\u00f3n Pol\u00edtica del Congreso local, Luis Hevia Jim\u00e9nez.<\/p>\n<p>Tambi\u00e9n, los delegados estatales de Semarnat, Carlos Berl\u00edn Montero, y de la Profepa, Jos\u00e9 Lafontaine Hamui, as\u00ed como el coordinador de las Delegaciones de la misma instancia, Luis G\u00f3mez Garc\u00eda; adem\u00e1s de los comandantes de la X Regi\u00f3n Militar, Sergio Garc\u00eda Arag\u00f3n, y de la IX Zona Naval, Felipe Solano Armenta, y el alcalde de M\u00e9rida, Ren\u00e1n Barrera Concha.<\/p>\n","protected":false},"excerpt":{"rendered":"<p>M\u00e9rida, Yucat\u00e1n, 19 de junio de 2015.-(COMUNICADO) \u00a0Con la participaci\u00f3n de 143 estands y 80 expositores arranc\u00f3 la primera edici\u00f3n de la Expo Foro Ambiental 2015, que brindar\u00e1 al p\u00fablico<\/p>\n","protected":false},"author":1,"featured_media":30270,"comment_status":"open","ping_status":"open","sticky":false,"template":"","format":"standard","meta":{"jetpack_post_was_ever_published":false,"_jetpack_newsletter_access":"","_jetpack_dont_email_post_to_subs":false,"_jetpack_newsletter_tier_id":0,"_jetpack_memberships_contains_paywalled_content":false,"_jetpack_memberships_contains_paid_content":false,"footnotes":"","jetpack_publicize_message":"","jetpack_publicize_feature_enabled":true,"jetpack_social_post_already_shared":true,"jetpack_social_options":{"image_generator_settings":{"template":"highway","default_image_id":0,"font":"","enabled":false},"version":2}},"categories":[17],"tags":[],"class_list":["post-30269","post","type-post","status-publish","format-standard","has-post-thumbnail","hentry","category-politica-y-gobierno"],"jetpack_publicize_connections":[],"jetpack_featured_media_url":"https:\/\/formalprision.com\/wp-content\/uploads\/2015\/06\/image57-e1434757138548.jpg","jetpack_sharing_enabled":true,"jetpack_shortlink":"https:\/\/wp.me\/p6id8p-7Sd","_links":{"self":[{"href":"https:\/\/formalprision.com\/index.php?rest_route=\/wp\/v2\/posts\/30269","targetHints":{"allow":["GET"]}}],"collection":[{"href":"https:\/\/formalprision.com\/index.php?rest_route=\/wp\/v2\/posts"}],"about":[{"href":"https:\/\/formalprision.com\/index.php?rest_route=\/wp\/v2\/types\/post"}],"author":[{"embeddable":true,"href":"https:\/\/formalprision.com\/index.php?rest_route=\/wp\/v2\/users\/1"}],"replies":[{"embeddable":true,"href":"https:\/\/formalprision.com\/index.php?rest_route=%2Fwp%2Fv2%2Fcomments&post=30269"}],"version-history":[{"count":0,"href":"https:\/\/formalprision.com\/index.php?rest_route=\/wp\/v2\/posts\/30269\/revisions"}],"wp:featuredmedia":[{"embeddable":true,"href":"https:\/\/formalprision.com\/index.php?rest_route=\/wp\/v2\/media\/30270"}],"wp:attachment":[{"href":"https:\/\/formalprision.com\/index.php?rest_route=%2Fwp%2Fv2%2Fmedia&parent=30269"}],"wp:term":[{"taxonomy":"category","embeddable":true,"href":"https:\/\/formalprision.com\/index.php?rest_route=%2Fwp%2Fv2%2Fcategories&post=30269"},{"taxonomy":"post_tag","embeddable":true,"href":"https:\/\/formalprision.com\/index.php?rest_route=%2Fwp%2Fv2%2Ftags&post=30269"}],"curies":[{"name":"wp","href":"https:\/\/api.w.org\/{rel}","templated":true}]}}