{"id":30327,"date":"2015-06-21T18:36:58","date_gmt":"2015-06-21T18:36:58","guid":{"rendered":"http:\/\/formalprision.com\/?p=30327"},"modified":"2015-06-23T05:09:52","modified_gmt":"2015-06-23T05:09:52","slug":"recibe-botellazo-en-festejo-del-dia-del-padre","status":"publish","type":"post","link":"https:\/\/formalprision.com\/?p=30327","title":{"rendered":"Recibe botellazo en festejo del D\u00eda del Padre"},"content":{"rendered":"<p>Un festejo anticipado del D\u00eda del Padre termin\u00f3 muy mal para un mec\u00e1nico, que por no dar su tanda recibi\u00f3 un botellazo en la cabeza que lo hizo terminar en el hospital.<\/p>\n<p>Los hechos ocurrieron cuando tres individuos y una mujer se embriagaban en un taller mec\u00e1nico ubicado en la avenida Jacinto Canek con 116 de la colonia Boj\u00f3rquez, donde festejaban por adelantado el D\u00eda del Padre, ya que el domingo, la fecha oficial, no se iban a ver pues cada quien estar\u00eda con su respectiva familia.<\/p>\n<p>Sin embargo, luego de varias horas de convivencia comenz\u00f3 una discusi\u00f3n porque un sujeto conocido como \u201cBorolas\u201d no quiso dar su tanda de cervezas y de las palabras pasaron a los golpes, pues recordaron viejas rencillas.<\/p>\n<p>\u00abBorolas\u00bb les dijo que en otras ocasiones, cuando sus compa\u00f1eros se quedan sin dinero, \u00e9l invita y no se los echa en cara.<\/p>\n<p>Este comentario molest\u00f3 mucho a uno de los parranderos, que agarr\u00f3 una botella y se la estrell\u00f3 en la cabeza.<\/p>\n<p>El lesionado fue trasladado de inmediato al O\u2019Hor\u00e1n mientras agentes de la SSP hicieron un operativo y capturaron al agresor.<\/p>\n","protected":false},"excerpt":{"rendered":"<p>Un festejo anticipado del D\u00eda del Padre termin\u00f3 muy mal para un mec\u00e1nico, que por no dar su tanda recibi\u00f3 un botellazo en la cabeza que lo hizo terminar en<\/p>\n","protected":false},"author":1,"featured_media":30329,"comment_status":"open","ping_status":"open","sticky":false,"template":"","format":"standard","meta":{"jetpack_post_was_ever_published":false,"_jetpack_newsletter_access":"","_jetpack_dont_email_post_to_subs":false,"_jetpack_newsletter_tier_id":0,"_jetpack_memberships_contains_paywalled_content":false,"_jetpack_memberships_contains_paid_content":false,"footnotes":"","jetpack_publicize_message":"","jetpack_publicize_feature_enabled":true,"jetpack_social_post_already_shared":true,"jetpack_social_options":{"image_generator_settings":{"template":"highway","default_image_id":0,"font":"","enabled":false},"version":2}},"categories":[14,3,54],"tags":[251,346,347,348],"class_list":["post-30327","post","type-post","status-publish","format-standard","has-post-thumbnail","hentry","category-merida","category-portada","category-yucatan","tag-botellazo","tag-cabeza","tag-festejo","tag-mecanico"],"jetpack_publicize_connections":[],"jetpack_featured_media_url":"https:\/\/formalprision.com\/wp-content\/uploads\/2015\/06\/borolas.jpg","jetpack_sharing_enabled":true,"jetpack_shortlink":"https:\/\/wp.me\/p6id8p-7T9","_links":{"self":[{"href":"https:\/\/formalprision.com\/index.php?rest_route=\/wp\/v2\/posts\/30327","targetHints":{"allow":["GET"]}}],"collection":[{"href":"https:\/\/formalprision.com\/index.php?rest_route=\/wp\/v2\/posts"}],"about":[{"href":"https:\/\/formalprision.com\/index.php?rest_route=\/wp\/v2\/types\/post"}],"author":[{"embeddable":true,"href":"https:\/\/formalprision.com\/index.php?rest_route=\/wp\/v2\/users\/1"}],"replies":[{"embeddable":true,"href":"https:\/\/formalprision.com\/index.php?rest_route=%2Fwp%2Fv2%2Fcomments&post=30327"}],"version-history":[{"count":0,"href":"https:\/\/formalprision.com\/index.php?rest_route=\/wp\/v2\/posts\/30327\/revisions"}],"wp:featuredmedia":[{"embeddable":true,"href":"https:\/\/formalprision.com\/index.php?rest_route=\/wp\/v2\/media\/30329"}],"wp:attachment":[{"href":"https:\/\/formalprision.com\/index.php?rest_route=%2Fwp%2Fv2%2Fmedia&parent=30327"}],"wp:term":[{"taxonomy":"category","embeddable":true,"href":"https:\/\/formalprision.com\/index.php?rest_route=%2Fwp%2Fv2%2Fcategories&post=30327"},{"taxonomy":"post_tag","embeddable":true,"href":"https:\/\/formalprision.com\/index.php?rest_route=%2Fwp%2Fv2%2Ftags&post=30327"}],"curies":[{"name":"wp","href":"https:\/\/api.w.org\/{rel}","templated":true}]}}