{"id":30348,"date":"2015-06-22T19:22:44","date_gmt":"2015-06-22T19:22:44","guid":{"rendered":"http:\/\/formalprision.com\/?p=30348"},"modified":"2015-06-22T19:22:44","modified_gmt":"2015-06-22T19:22:44","slug":"ponen-nombre-de-narco-a-una-calle-en-tamaulipas","status":"publish","type":"post","link":"https:\/\/formalprision.com\/?p=30348","title":{"rendered":"Ponen nombre de narco a una calle en Tamaulipas"},"content":{"rendered":"<p>El gobernador de Tamaulipas, Egidio Torre Cant\u00fa, reinaugur\u00f3 el mi\u00e9rcoles obras de pavimentaci\u00f3n de la calle Juan N. Guerra, nombre del capo que fund\u00f3 el C\u00e1rtel del Golfo.<\/p>\n<p>Alan Alexandr\u00e9, regidor coordinador de la Comisi\u00f3n de Obras P\u00fablicas, dijo que fue en la Administraci\u00f3n del PARM de 1990 a 1992, que encabez\u00f3 Ram\u00f3n P\u00e9rez Garc\u00eda, cuando se aprobaron las nomenclaturas de las calles de la colonia popular Reserva Territorial Campestre, incluida la del fundador del C\u00e1rtel.<\/p>\n<p>A pocos metros de donde Torre Cant\u00fa cort\u00f3 el list\u00f3n, hab\u00eda mantas que detallaba que en la \u00abJuan N. Guerra\u00bb se pavimentaron 2,489.01 metros cuadros de 7 calles y un puente con una inversi\u00f3n de 8 millones 584 mil pesos.<\/p>\n<p>La calle con el nombre del capo, de 320 metros de largo, fue pavimentada en su totalidad, pero no se observ\u00f3 ninguna nomenclatura.<\/p>\n<p>Durante su mensaje, el alcalde priista Jos\u00e9 El\u00edas Leal, previo a la participaci\u00f3n del gobernador, mencion\u00f3 la inversi\u00f3n en la calle \u00abJuan Guerra Gonz\u00e1lez\u00bb, pero en una de las mantas instaladas a unos metros se enlistaban los ocho tramos, incluyendo el de la calle \u00abJuan N. Guerra\u00bb, el segundo con m\u00e1s recursos destinados.<\/p>\n<p><em>Fuente: El Siglo de Torre\u00f3n<\/em><\/p>\n","protected":false},"excerpt":{"rendered":"<p>El gobernador de Tamaulipas, Egidio Torre Cant\u00fa, reinaugur\u00f3 el mi\u00e9rcoles obras de pavimentaci\u00f3n de la calle Juan N. Guerra, nombre del capo que fund\u00f3 el C\u00e1rtel del Golfo. Alan Alexandr\u00e9,<\/p>\n","protected":false},"author":1,"featured_media":30350,"comment_status":"open","ping_status":"open","sticky":false,"template":"","format":"standard","meta":{"jetpack_post_was_ever_published":false,"_jetpack_newsletter_access":"","_jetpack_dont_email_post_to_subs":false,"_jetpack_newsletter_tier_id":0,"_jetpack_memberships_contains_paywalled_content":false,"_jetpack_memberships_contains_paid_content":false,"footnotes":"","jetpack_publicize_message":"","jetpack_publicize_feature_enabled":true,"jetpack_social_post_already_shared":true,"jetpack_social_options":{"image_generator_settings":{"template":"highway","default_image_id":0,"font":"","enabled":false},"version":2}},"categories":[23],"tags":[352,271,353],"class_list":["post-30348","post","type-post","status-publish","format-standard","has-post-thumbnail","hentry","category-del-mundo","tag-calle","tag-narco","tag-tamaulipas"],"jetpack_publicize_connections":[],"jetpack_featured_media_url":"https:\/\/formalprision.com\/wp-content\/uploads\/2015\/06\/calle.jpg","jetpack_sharing_enabled":true,"jetpack_shortlink":"https:\/\/wp.me\/p6id8p-7Tu","_links":{"self":[{"href":"https:\/\/formalprision.com\/index.php?rest_route=\/wp\/v2\/posts\/30348","targetHints":{"allow":["GET"]}}],"collection":[{"href":"https:\/\/formalprision.com\/index.php?rest_route=\/wp\/v2\/posts"}],"about":[{"href":"https:\/\/formalprision.com\/index.php?rest_route=\/wp\/v2\/types\/post"}],"author":[{"embeddable":true,"href":"https:\/\/formalprision.com\/index.php?rest_route=\/wp\/v2\/users\/1"}],"replies":[{"embeddable":true,"href":"https:\/\/formalprision.com\/index.php?rest_route=%2Fwp%2Fv2%2Fcomments&post=30348"}],"version-history":[{"count":0,"href":"https:\/\/formalprision.com\/index.php?rest_route=\/wp\/v2\/posts\/30348\/revisions"}],"wp:featuredmedia":[{"embeddable":true,"href":"https:\/\/formalprision.com\/index.php?rest_route=\/wp\/v2\/media\/30350"}],"wp:attachment":[{"href":"https:\/\/formalprision.com\/index.php?rest_route=%2Fwp%2Fv2%2Fmedia&parent=30348"}],"wp:term":[{"taxonomy":"category","embeddable":true,"href":"https:\/\/formalprision.com\/index.php?rest_route=%2Fwp%2Fv2%2Fcategories&post=30348"},{"taxonomy":"post_tag","embeddable":true,"href":"https:\/\/formalprision.com\/index.php?rest_route=%2Fwp%2Fv2%2Ftags&post=30348"}],"curies":[{"name":"wp","href":"https:\/\/api.w.org\/{rel}","templated":true}]}}