{"id":30358,"date":"2015-06-22T20:01:21","date_gmt":"2015-06-22T20:01:21","guid":{"rendered":"http:\/\/formalprision.com\/?p=30358"},"modified":"2015-06-22T20:01:21","modified_gmt":"2015-06-22T20:01:21","slug":"ssp-realiza-primera-jornada-academica-de-la-atencion-medica-prehospitalaria","status":"publish","type":"post","link":"https:\/\/formalprision.com\/?p=30358","title":{"rendered":"SSP realiza primera Jornada Acad\u00e9mica de la Atenci\u00f3n M\u00e9dica Prehospitalaria"},"content":{"rendered":"<p>M\u00e9rida, Yucat\u00e1n, 22 de junio de 2015.- La Unidad de Ambulancias de la Secretar\u00eda de Seguridad P\u00fablica (SSP) brinda un promedio de 24 mil servicios al a\u00f1o y recibe unas 100 llamadas de emergencias al d\u00eda, declar\u00f3 el coordinador operativo, Santiago Massa Ramos, previo al inicio de la primera Jornada Acad\u00e9mica de la Atenci\u00f3n M\u00e9dica Prehospitalaria.<\/p>\n<p>El evento, organizado por dicha Unidad en el marco del D\u00eda Internacional del Socorrista, que se celebra el pr\u00f3ximo mi\u00e9rcoles, re\u00fane a m\u00e1s de 250 param\u00e9dicos de diversas instituciones quienes participar\u00e1n en conferencias y talleres relacionados con el trabajo que realizan diariamente.<\/p>\n<p>Al dar detalles, Massa Ramos agreg\u00f3 que los param\u00e9dicos de la SSP acuden para dar atenci\u00f3n a los lesionados de alg\u00fan de accidente o bien para ayudar en los partos, ya sea en domicilios y en ocasiones a bordo de la unidad de emergencias.<\/p>\n<p>Mencion\u00f3 que de enero a la fecha, han recibido a 20 reci\u00e9n nacidos. Asimismo, recalc\u00f3 que cuentan con 30 unidades y 133 param\u00e9dicos cubriendo las 24 horas del d\u00eda.<\/p>\n<p>Durante los dos d\u00edas de la Jornada profesionales de la salud expondr\u00e1n temas como \u00abCondiciones pedi\u00e1tricas en la atenci\u00f3n m\u00e9dica prehospitalaria del ni\u00f1o lesionado o enfermo\u00bb y \u00abLa importancia del est\u00e1ndar de calidad y la competencia global del T\u00e9cnico en Atenci\u00f3n M\u00e9dica Prehospitalaria\u00bb.<\/p>\n<p>Tambi\u00e9n, \u00abManejo prehospitalario del buzo con lesi\u00f3n por descomprensi\u00f3n\u00bb, \u00abTratamiento integral del estado de shock hipovol\u00e9mico\u00bb y \u00abTratamiento prehospitalario del paciente con anafilaxia por picaduras de abejas\u00bb, entre otros.<\/p>\n<p>En representaci\u00f3n del titular de la SSP, comandante Luis Felipe Said\u00e9n Ojeda, realiz\u00f3 la declaratoria inaugural el director de Servicios Viales, comandante Rafael Chaires Cuevas.<\/p>\n<p>Asistieron el jefe de la Unidad de Posgrado e Investigaci\u00f3n de la Facultad de Medicina de la Universidad Aut\u00f3noma de Yucat\u00e1n (UADY), doctor Ermilo Contreras Acosta; el coordinador de capacitaci\u00f3n de la Cruz Roja estatal, t\u00e9cnico en Urgencias M\u00e9dicas Intermedio, Arturo Ferr\u00e1ez Couho, y la ex presidenta de la Asociaci\u00f3n Nacional Mexicana de Urgencias \/ Emergencias Pedi\u00e1tricas (Anmuep), doctora Ver\u00f3nica Le\u00f3n Burgos.<\/p>\n","protected":false},"excerpt":{"rendered":"<p>M\u00e9rida, Yucat\u00e1n, 22 de junio de 2015.- La Unidad de Ambulancias de la Secretar\u00eda de Seguridad P\u00fablica (SSP) brinda un promedio de 24 mil servicios al a\u00f1o y recibe unas<\/p>\n","protected":false},"author":1,"featured_media":30359,"comment_status":"open","ping_status":"open","sticky":false,"template":"","format":"standard","meta":{"jetpack_post_was_ever_published":false,"_jetpack_newsletter_access":"","_jetpack_dont_email_post_to_subs":false,"_jetpack_newsletter_tier_id":0,"_jetpack_memberships_contains_paywalled_content":false,"_jetpack_memberships_contains_paid_content":false,"footnotes":"","jetpack_publicize_message":"","jetpack_publicize_feature_enabled":true,"jetpack_social_post_already_shared":true,"jetpack_social_options":{"image_generator_settings":{"template":"highway","default_image_id":0,"font":"","enabled":false},"version":2}},"categories":[17],"tags":[],"class_list":["post-30358","post","type-post","status-publish","format-standard","has-post-thumbnail","hentry","category-politica-y-gobierno"],"jetpack_publicize_connections":[],"jetpack_featured_media_url":"https:\/\/formalprision.com\/wp-content\/uploads\/2015\/06\/image64-e1435003253345.jpg","jetpack_sharing_enabled":true,"jetpack_shortlink":"https:\/\/wp.me\/p6id8p-7TE","_links":{"self":[{"href":"https:\/\/formalprision.com\/index.php?rest_route=\/wp\/v2\/posts\/30358","targetHints":{"allow":["GET"]}}],"collection":[{"href":"https:\/\/formalprision.com\/index.php?rest_route=\/wp\/v2\/posts"}],"about":[{"href":"https:\/\/formalprision.com\/index.php?rest_route=\/wp\/v2\/types\/post"}],"author":[{"embeddable":true,"href":"https:\/\/formalprision.com\/index.php?rest_route=\/wp\/v2\/users\/1"}],"replies":[{"embeddable":true,"href":"https:\/\/formalprision.com\/index.php?rest_route=%2Fwp%2Fv2%2Fcomments&post=30358"}],"version-history":[{"count":0,"href":"https:\/\/formalprision.com\/index.php?rest_route=\/wp\/v2\/posts\/30358\/revisions"}],"wp:featuredmedia":[{"embeddable":true,"href":"https:\/\/formalprision.com\/index.php?rest_route=\/wp\/v2\/media\/30359"}],"wp:attachment":[{"href":"https:\/\/formalprision.com\/index.php?rest_route=%2Fwp%2Fv2%2Fmedia&parent=30358"}],"wp:term":[{"taxonomy":"category","embeddable":true,"href":"https:\/\/formalprision.com\/index.php?rest_route=%2Fwp%2Fv2%2Fcategories&post=30358"},{"taxonomy":"post_tag","embeddable":true,"href":"https:\/\/formalprision.com\/index.php?rest_route=%2Fwp%2Fv2%2Ftags&post=30358"}],"curies":[{"name":"wp","href":"https:\/\/api.w.org\/{rel}","templated":true}]}}