{"id":30361,"date":"2015-06-22T20:21:29","date_gmt":"2015-06-22T20:21:29","guid":{"rendered":"http:\/\/formalprision.com\/?p=30361"},"modified":"2015-06-22T20:21:29","modified_gmt":"2015-06-22T20:21:29","slug":"sera-nino-el-segundo-hijo-de-kim-kardashian","status":"publish","type":"post","link":"https:\/\/formalprision.com\/?p=30361","title":{"rendered":"Ser\u00e1 ni\u00f1o el segundo hijo de Kim Kardashian"},"content":{"rendered":"<p>Kim Kardashian revel\u00f3 el sexo de su segundo beb\u00e9.<\/p>\n<p>La socialit\u00e9 public\u00f3 un mensaje en Instagram y Twitter para su esposo, el rapero Kanye West, en donde confirma el sexo de su segundo hijo.<\/p>\n<p>\u00abMomentos preciosos como estos cuando viajamos contigo son para los que vivimos\u00bb, escribi\u00f3 Kardashian en su cuenta de Twitter.<\/p>\n<p>\u00abEres un gran padre para North y tambi\u00e9n lo ser\u00e1s con nuestro nuevo ni\u00f1o\u00bb, public\u00f3 Kardashian en su cuenta de Instagram, acompa\u00f1ando el mensaje con una tierna foto de West y su primog\u00e9nita.<\/p>\n<p>Kardashian revel\u00f3 la noticia de su embarazo en un clip que apareci\u00f3 despu\u00e9s de un episodio del reality show \u00abKeeping Up with the Kardashians\u00bb.<\/p>\n<p>La confirmaci\u00f3n del sexo del beb\u00e9 coincidi\u00f3 con la celebraci\u00f3n del D\u00eda del Padre.<\/p>\n<p><em>Fuente: Azteca Noticias<\/em><\/p>\n","protected":false},"excerpt":{"rendered":"<p>Kim Kardashian revel\u00f3 el sexo de su segundo beb\u00e9. La socialit\u00e9 public\u00f3 un mensaje en Instagram y Twitter para su esposo, el rapero Kanye West, en donde confirma el sexo<\/p>\n","protected":false},"author":1,"featured_media":30363,"comment_status":"open","ping_status":"open","sticky":false,"template":"","format":"standard","meta":{"jetpack_post_was_ever_published":false,"_jetpack_newsletter_access":"","_jetpack_dont_email_post_to_subs":false,"_jetpack_newsletter_tier_id":0,"_jetpack_memberships_contains_paywalled_content":false,"_jetpack_memberships_contains_paid_content":false,"footnotes":"","jetpack_publicize_message":"","jetpack_publicize_feature_enabled":true,"jetpack_social_post_already_shared":true,"jetpack_social_options":{"image_generator_settings":{"template":"highway","default_image_id":0,"font":"","enabled":false},"version":2}},"categories":[33,32],"tags":[76,356],"class_list":["post-30361","post","type-post","status-publish","format-standard","has-post-thumbnail","hentry","category-cultura","category-espectaculos","tag-bebe","tag-kim-kardashian"],"jetpack_publicize_connections":[],"jetpack_featured_media_url":"https:\/\/formalprision.com\/wp-content\/uploads\/2015\/06\/kim.png","jetpack_sharing_enabled":true,"jetpack_shortlink":"https:\/\/wp.me\/p6id8p-7TH","_links":{"self":[{"href":"https:\/\/formalprision.com\/index.php?rest_route=\/wp\/v2\/posts\/30361","targetHints":{"allow":["GET"]}}],"collection":[{"href":"https:\/\/formalprision.com\/index.php?rest_route=\/wp\/v2\/posts"}],"about":[{"href":"https:\/\/formalprision.com\/index.php?rest_route=\/wp\/v2\/types\/post"}],"author":[{"embeddable":true,"href":"https:\/\/formalprision.com\/index.php?rest_route=\/wp\/v2\/users\/1"}],"replies":[{"embeddable":true,"href":"https:\/\/formalprision.com\/index.php?rest_route=%2Fwp%2Fv2%2Fcomments&post=30361"}],"version-history":[{"count":0,"href":"https:\/\/formalprision.com\/index.php?rest_route=\/wp\/v2\/posts\/30361\/revisions"}],"wp:featuredmedia":[{"embeddable":true,"href":"https:\/\/formalprision.com\/index.php?rest_route=\/wp\/v2\/media\/30363"}],"wp:attachment":[{"href":"https:\/\/formalprision.com\/index.php?rest_route=%2Fwp%2Fv2%2Fmedia&parent=30361"}],"wp:term":[{"taxonomy":"category","embeddable":true,"href":"https:\/\/formalprision.com\/index.php?rest_route=%2Fwp%2Fv2%2Fcategories&post=30361"},{"taxonomy":"post_tag","embeddable":true,"href":"https:\/\/formalprision.com\/index.php?rest_route=%2Fwp%2Fv2%2Ftags&post=30361"}],"curies":[{"name":"wp","href":"https:\/\/api.w.org\/{rel}","templated":true}]}}