{"id":30364,"date":"2015-06-22T20:59:13","date_gmt":"2015-06-22T20:59:13","guid":{"rendered":"http:\/\/formalprision.com\/?p=30364"},"modified":"2015-06-22T21:51:45","modified_gmt":"2015-06-22T21:51:45","slug":"causa-asombro-extrano-insecto-hallado-en-francisco-de-montejo","status":"publish","type":"post","link":"https:\/\/formalprision.com\/?p=30364","title":{"rendered":"Causa asombro extra\u00f1o insecto hallado en Francisco de Montejo"},"content":{"rendered":"<p>Un extra\u00f1o insecto apareci\u00f3 en casa de una familia que vive en Francisco de Montejo, y enseguida se generaron m\u00faltiples especulaciones. Incluso no falto quien se\u00f1ala que podr\u00eda tratarse de un acto de brujer\u00eda de alguien que quiere hacerle da\u00f1o a esas personas.<\/p>\n<p>El raro animal parece un gusano pero tambi\u00e9n tiene apariencia como de un capullo.<\/p>\n<p>Fue hallado cuando la due\u00f1a de la casa, Martha Zamudio C\u00e1ceres, estaba sacando ropa para lavar. Cuando lo sac\u00f3 estaba transparente pero luego de colocarlo en un vaso de pl\u00e1stico, al poco rato ya hab\u00eda quedado de color caf\u00e9.<\/p>\n<p>No se explica c\u00f3mo lleg\u00f3 el insecto hasta su casa y es la primera vez que ve un ejemplar de esos.<\/p>\n<p>Seg\u00fan dijo, hace poco viaj\u00f3 a Chiapas y est\u00e1 sospechando que quiz\u00e1 lo trajo de all\u00e1, porque en M\u00e9rida, al menos en el tiempo que lleva viviendo en la capital yucateca, nunca hab\u00eda visto uno como esos.<\/p>\n<p>Al comentarle a sus vecinos, algunos le dijeron que podr\u00eda tratarse de un capullo de xmahan\u00e1, es decir, las mariposas negras nocturnas.<\/p>\n<p>Una de sus amigas, un poco supersticiosa, le dijo quen tuviera cuidado, pues podr\u00eda tratarse de un acto de hechicer\u00eda de alguien que quiere hacerle da\u00f1o.<\/p>\n<p>Sin embargo, do\u00f1a Martha le dijo que no cree en esas cosas y que se inclina m\u00e1s por un animal del monte que nunca hab\u00eda visto en M\u00e9rida.<\/p>\n<p>La se\u00f1ora ya hizo circular la imagen del insecto por whatsapp para ver si alguno de sus conocidos le proporciona informaci\u00f3n.<\/p>\n","protected":false},"excerpt":{"rendered":"<p>Un extra\u00f1o insecto apareci\u00f3 en casa de una familia que vive en Francisco de Montejo, y enseguida se generaron m\u00faltiples especulaciones. Incluso no falto quien se\u00f1ala que podr\u00eda tratarse de<\/p>\n","protected":false},"author":1,"featured_media":30366,"comment_status":"open","ping_status":"open","sticky":false,"template":"","format":"standard","meta":{"jetpack_post_was_ever_published":false,"_jetpack_newsletter_access":"","_jetpack_dont_email_post_to_subs":false,"_jetpack_newsletter_tier_id":0,"_jetpack_memberships_contains_paywalled_content":false,"_jetpack_memberships_contains_paid_content":false,"footnotes":"","jetpack_publicize_message":"","jetpack_publicize_feature_enabled":true,"jetpack_social_post_already_shared":true,"jetpack_social_options":{"image_generator_settings":{"template":"highway","default_image_id":0,"font":"","enabled":false},"version":2}},"categories":[14],"tags":[358,357,359],"class_list":["post-30364","post","type-post","status-publish","format-standard","has-post-thumbnail","hentry","category-merida","tag-extrano","tag-insecto","tag-raro"],"jetpack_publicize_connections":[],"jetpack_featured_media_url":"https:\/\/formalprision.com\/wp-content\/uploads\/2015\/06\/IMG-20150622-WA0002-1.jpg","jetpack_sharing_enabled":true,"jetpack_shortlink":"https:\/\/wp.me\/p6id8p-7TK","_links":{"self":[{"href":"https:\/\/formalprision.com\/index.php?rest_route=\/wp\/v2\/posts\/30364","targetHints":{"allow":["GET"]}}],"collection":[{"href":"https:\/\/formalprision.com\/index.php?rest_route=\/wp\/v2\/posts"}],"about":[{"href":"https:\/\/formalprision.com\/index.php?rest_route=\/wp\/v2\/types\/post"}],"author":[{"embeddable":true,"href":"https:\/\/formalprision.com\/index.php?rest_route=\/wp\/v2\/users\/1"}],"replies":[{"embeddable":true,"href":"https:\/\/formalprision.com\/index.php?rest_route=%2Fwp%2Fv2%2Fcomments&post=30364"}],"version-history":[{"count":0,"href":"https:\/\/formalprision.com\/index.php?rest_route=\/wp\/v2\/posts\/30364\/revisions"}],"wp:featuredmedia":[{"embeddable":true,"href":"https:\/\/formalprision.com\/index.php?rest_route=\/wp\/v2\/media\/30366"}],"wp:attachment":[{"href":"https:\/\/formalprision.com\/index.php?rest_route=%2Fwp%2Fv2%2Fmedia&parent=30364"}],"wp:term":[{"taxonomy":"category","embeddable":true,"href":"https:\/\/formalprision.com\/index.php?rest_route=%2Fwp%2Fv2%2Fcategories&post=30364"},{"taxonomy":"post_tag","embeddable":true,"href":"https:\/\/formalprision.com\/index.php?rest_route=%2Fwp%2Fv2%2Ftags&post=30364"}],"curies":[{"name":"wp","href":"https:\/\/api.w.org\/{rel}","templated":true}]}}