{"id":30379,"date":"2015-06-23T02:48:11","date_gmt":"2015-06-23T02:48:11","guid":{"rendered":"http:\/\/formalprision.com\/?p=30379"},"modified":"2015-06-23T02:48:11","modified_gmt":"2015-06-23T02:48:11","slug":"estado-islamico-crucifica-a-dos-menores-por-no-hacer-ayuno-religioso","status":"publish","type":"post","link":"https:\/\/formalprision.com\/?p=30379","title":{"rendered":"Estado isl\u00e1mico crucifica a dos menores por no hacer ayuno religioso"},"content":{"rendered":"<p>El grupo yihadista Estado Isl\u00e1mico crucific\u00f3 a dos menores de edad en el noreste de Siria a los que acus\u00f3 de no ayunar en ramad\u00e1n, seg\u00fan el Observatorio Sirio de Derechos Humanos.<\/p>\n<p>Las v\u00edctimas fueron colgadas de una valla en un cuartel de la \u00abhisba\u00bb, cuerpo parapolicial del Estado Isl\u00e1mico, en la calle Al Bukamal de la ciudad de Al Mayad\u00edn, uno de los bastiones de los yihadistas en la provincia nororiental siria de Deir al Zur.<\/p>\n<p>Los extremistas colgaron del cuello de los menores carteles que ten\u00edan escrito el mensaje \u00abRuptura del ayuno sin justificaci\u00f3n religiosa\u00bb.<\/p>\n<p>Los asesinatos, como crucifixiones, decapitaciones y lapidaciones, suelen ser empleados por el Estado Isl\u00e1mico como medio propagand\u00edstico y para aterrorizar a la poblaci\u00f3n.<\/p>\n<p>El jueves pasado, comenz\u00f3 en Siria, al igual que en otros pa\u00edses de la regi\u00f3n, el mes sagrado musulm\u00e1n del Ramad\u00e1n, cuando los fieles que optan por ayunar dejan de comer y beber entre el alba y el ocaso, cambian sus comportamientos sociales y prodigan sus muestras de piedad para sentirse m\u00e1s cerca de Al\u00e1.<\/p>\n<p>El Estado Isl\u00e1mico, que proclam\u00f3 un califato en el territorio sirio y el iraqu\u00ed hace casi un a\u00f1o, aplica una versi\u00f3n estricta de la shar\u00eda o ley isl\u00e1mica en las zonas que domina.<\/p>\n<p><em>Fuente: EFE y El Comercio<\/em><\/p>\n","protected":false},"excerpt":{"rendered":"<p>El grupo yihadista Estado Isl\u00e1mico crucific\u00f3 a dos menores de edad en el noreste de Siria a los que acus\u00f3 de no ayunar en ramad\u00e1n, seg\u00fan el Observatorio Sirio de<\/p>\n","protected":false},"author":1,"featured_media":30381,"comment_status":"open","ping_status":"open","sticky":false,"template":"","format":"standard","meta":{"jetpack_post_was_ever_published":false,"_jetpack_newsletter_access":"","_jetpack_dont_email_post_to_subs":false,"_jetpack_newsletter_tier_id":0,"_jetpack_memberships_contains_paywalled_content":false,"_jetpack_memberships_contains_paid_content":false,"footnotes":"","jetpack_publicize_message":"","jetpack_publicize_feature_enabled":true,"jetpack_social_post_already_shared":true,"jetpack_social_options":{"image_generator_settings":{"template":"highway","default_image_id":0,"font":"","enabled":false},"version":2}},"categories":[23],"tags":[364,365,363],"class_list":["post-30379","post","type-post","status-publish","format-standard","has-post-thumbnail","hentry","category-del-mundo","tag-ayuno","tag-crucifixion","tag-estado-islamico"],"jetpack_publicize_connections":[],"jetpack_featured_media_url":"https:\/\/formalprision.com\/wp-content\/uploads\/2015\/06\/crucifican.jpg","jetpack_sharing_enabled":true,"jetpack_shortlink":"https:\/\/wp.me\/p6id8p-7TZ","_links":{"self":[{"href":"https:\/\/formalprision.com\/index.php?rest_route=\/wp\/v2\/posts\/30379","targetHints":{"allow":["GET"]}}],"collection":[{"href":"https:\/\/formalprision.com\/index.php?rest_route=\/wp\/v2\/posts"}],"about":[{"href":"https:\/\/formalprision.com\/index.php?rest_route=\/wp\/v2\/types\/post"}],"author":[{"embeddable":true,"href":"https:\/\/formalprision.com\/index.php?rest_route=\/wp\/v2\/users\/1"}],"replies":[{"embeddable":true,"href":"https:\/\/formalprision.com\/index.php?rest_route=%2Fwp%2Fv2%2Fcomments&post=30379"}],"version-history":[{"count":0,"href":"https:\/\/formalprision.com\/index.php?rest_route=\/wp\/v2\/posts\/30379\/revisions"}],"wp:featuredmedia":[{"embeddable":true,"href":"https:\/\/formalprision.com\/index.php?rest_route=\/wp\/v2\/media\/30381"}],"wp:attachment":[{"href":"https:\/\/formalprision.com\/index.php?rest_route=%2Fwp%2Fv2%2Fmedia&parent=30379"}],"wp:term":[{"taxonomy":"category","embeddable":true,"href":"https:\/\/formalprision.com\/index.php?rest_route=%2Fwp%2Fv2%2Fcategories&post=30379"},{"taxonomy":"post_tag","embeddable":true,"href":"https:\/\/formalprision.com\/index.php?rest_route=%2Fwp%2Fv2%2Ftags&post=30379"}],"curies":[{"name":"wp","href":"https:\/\/api.w.org\/{rel}","templated":true}]}}