{"id":30387,"date":"2015-06-23T04:07:49","date_gmt":"2015-06-23T04:07:49","guid":{"rendered":"http:\/\/formalprision.com\/?p=30387"},"modified":"2015-06-23T04:07:49","modified_gmt":"2015-06-23T04:07:49","slug":"poder-judicial-presenta-su-informe-anual","status":"publish","type":"post","link":"https:\/\/formalprision.com\/?p=30387","title":{"rendered":"Poder Judicial presenta su Informe Anual"},"content":{"rendered":"<p>M\u00e9rida, Yucat\u00e1n, 22 de junio de 2015.- La inauguraci\u00f3n del Centro de Justicia Oral de esta capital (CJOM) y la entrada en vigor del nuevo Sistema de Justicia en el primer distrito de la entidad, son parte de los resultados que destacan en el Informe Anual de Actividades del Poder Judicial del Estado 2014, documento que contiene 96 p\u00e1ginas en siete cap\u00edtulos.<\/p>\n<p>En sesi\u00f3n solemne y ante la presencia del Gobernador Rolando Zapata Bello, el magistrado presidente del Tribunal Superior de Justicia del Estado (TSJY), Marcos Celis Quintal, ofreci\u00f3 un mensaje en el que dio a conocer las acciones que dan cuenta de las condiciones que guarda la impartici\u00f3n de justicia en Yucat\u00e1n.<\/p>\n<p>Dentro del Sal\u00f3n del Pleno, Celis Quintal explic\u00f3 que durante el 2014 el Poder Judicial tuvo un \u00edndice de productividad global de 94.89 por ciento, ya que se iniciaron 29 mil 426 asuntos en el Tribunal Superior de Justicia y los 47 \u00f3rganos jurisdiccionales estatales, de los cuales se concluyeron 27 mil 923.<\/p>\n<p>Ante los magistrados de las Salas Civil, Penal y Mixta, as\u00ed como la Unitaria de Justicia para Adolescentes, el funcionario indic\u00f3 que en dicho a\u00f1o se iniciaron en el TSJY, para el estudio del Pleno y las Salas, tres mil 411 asuntos diversos y se consumaron tres mil 624, incluyendo los que ingresaron en los \u00faltimos meses de 2013.<\/p>\n<p>En el mensaje, se destacaron los beneficios de los sistemas de Justicia Familiar y Oralidad Mercantil, al igual que la eficiencia administrativa, correcta utilizaci\u00f3n del presupuesto, acuerdos a favor de los derechos humanos, transparencia, capacitaci\u00f3n y formaci\u00f3n profesional para una mejor calidad en la prestaci\u00f3n de los servicios.<\/p>\n<p>Previo al Informe, el Gobernador, acompa\u00f1ado del magistrado, inaugur\u00f3 en el auditorio \u201cV\u00edctor Cervera Pacheco\u201d una exposici\u00f3n en conmemoraci\u00f3n del centenario del gobierno revolucionario del General Salvador Alvarado, que presenta 40 documentos y 37 im\u00e1genes.<\/p>\n<p>Asistieron el presidente de la Junta de Gobierno y Coordinaci\u00f3n Pol\u00edtica del Congreso local, Luis Hevia Jim\u00e9nez, as\u00ed como los comandantes de la X Regi\u00f3n Militar, Sergio Arturo Garc\u00eda Arag\u00f3n, y de la IX Zona Naval, Felipe Solano Armenta.<\/p>\n<p>Tambi\u00e9n, los magistrados presidentes de los Tribunales de Justicia de Campeche, Margarita Alfaro Waring; del Estado de M\u00e9xico, Sergio Medina Pe\u00f1aloza, y de Tabasco, Jorge Priego Sol\u00eds. Asimismo, la senadora Ang\u00e9lica Araujo Lara; el fiscal General del Estado, Ariel Aldecua Kuk, al igual que legisladores locales y federales.<\/p>\n","protected":false},"excerpt":{"rendered":"<p>M\u00e9rida, Yucat\u00e1n, 22 de junio de 2015.- La inauguraci\u00f3n del Centro de Justicia Oral de esta capital (CJOM) y la entrada en vigor del nuevo Sistema de Justicia en el<\/p>\n","protected":false},"author":1,"featured_media":30388,"comment_status":"open","ping_status":"open","sticky":false,"template":"","format":"standard","meta":{"jetpack_post_was_ever_published":false,"_jetpack_newsletter_access":"","_jetpack_dont_email_post_to_subs":false,"_jetpack_newsletter_tier_id":0,"_jetpack_memberships_contains_paywalled_content":false,"_jetpack_memberships_contains_paid_content":false,"footnotes":"","jetpack_publicize_message":"","jetpack_publicize_feature_enabled":true,"jetpack_social_post_already_shared":true,"jetpack_social_options":{"image_generator_settings":{"template":"highway","default_image_id":0,"font":"","enabled":false},"version":2}},"categories":[17,1],"tags":[],"class_list":["post-30387","post","type-post","status-publish","format-standard","has-post-thumbnail","hentry","category-politica-y-gobierno","category-sin-categoria"],"jetpack_publicize_connections":[],"jetpack_featured_media_url":"https:\/\/formalprision.com\/wp-content\/uploads\/2015\/06\/image68-e1435032321127.jpg","jetpack_sharing_enabled":true,"jetpack_shortlink":"https:\/\/wp.me\/p6id8p-7U7","_links":{"self":[{"href":"https:\/\/formalprision.com\/index.php?rest_route=\/wp\/v2\/posts\/30387","targetHints":{"allow":["GET"]}}],"collection":[{"href":"https:\/\/formalprision.com\/index.php?rest_route=\/wp\/v2\/posts"}],"about":[{"href":"https:\/\/formalprision.com\/index.php?rest_route=\/wp\/v2\/types\/post"}],"author":[{"embeddable":true,"href":"https:\/\/formalprision.com\/index.php?rest_route=\/wp\/v2\/users\/1"}],"replies":[{"embeddable":true,"href":"https:\/\/formalprision.com\/index.php?rest_route=%2Fwp%2Fv2%2Fcomments&post=30387"}],"version-history":[{"count":0,"href":"https:\/\/formalprision.com\/index.php?rest_route=\/wp\/v2\/posts\/30387\/revisions"}],"wp:featuredmedia":[{"embeddable":true,"href":"https:\/\/formalprision.com\/index.php?rest_route=\/wp\/v2\/media\/30388"}],"wp:attachment":[{"href":"https:\/\/formalprision.com\/index.php?rest_route=%2Fwp%2Fv2%2Fmedia&parent=30387"}],"wp:term":[{"taxonomy":"category","embeddable":true,"href":"https:\/\/formalprision.com\/index.php?rest_route=%2Fwp%2Fv2%2Fcategories&post=30387"},{"taxonomy":"post_tag","embeddable":true,"href":"https:\/\/formalprision.com\/index.php?rest_route=%2Fwp%2Fv2%2Ftags&post=30387"}],"curies":[{"name":"wp","href":"https:\/\/api.w.org\/{rel}","templated":true}]}}