{"id":30391,"date":"2015-06-23T05:02:44","date_gmt":"2015-06-23T05:02:44","guid":{"rendered":"http:\/\/formalprision.com\/?p=30391"},"modified":"2015-06-24T01:50:03","modified_gmt":"2015-06-24T01:50:03","slug":"wafe-kuri-herido-con-arma-blanca-en-el-penal-de-merida","status":"publish","type":"post","link":"https:\/\/formalprision.com\/?p=30391","title":{"rendered":"Wafe Kur\u00ed herido con arma blanca en el penal de M\u00e9rida"},"content":{"rendered":"<p>El empresario Waf\u00e9 Kuri Torre, reclu\u00eddo en el CERESO de M\u00e9rida, presuntamente result\u00f3 herido con un objeto punzocortante, lo que amerit\u00f3 su traslado a un hospital.<br \/>\nVersiones extraoficiales indican que el recluso sufri\u00f3 una cortada en el abdomen, seg\u00fan lo trascendido, hecha por \u00e9l cuando realizaba trabajos con un c\u00fater\u00a0<span style=\"line-height: 1.5;\">en los talleres del centro penitenciario.<\/span><\/p>\n<p><span style=\"line-height: 1.5;\">Las autoridades penitenciarias descartaron que la lesi\u00f3n fuese producto de alg\u00fan ataque de otro interno.<\/span><\/p>\n<p>Fue llevado al hospital Ohor\u00e1n, donde le curaron y suturaron la herida y de nuevo fue internado en el centro penitenciario.<br \/>\nWaf\u00e9 Kur\u00ed cumple condena de 12 a\u00f1os por la muerte de su esposa Rosa Mar\u00eda Arceo Ochoa, ocurrida en 2008.<\/p>\n","protected":false},"excerpt":{"rendered":"<p>El empresario Waf\u00e9 Kuri Torre, reclu\u00eddo en el CERESO de M\u00e9rida, presuntamente result\u00f3 herido con un objeto punzocortante, lo que amerit\u00f3 su traslado a un hospital. Versiones extraoficiales indican que<\/p>\n","protected":false},"author":1,"featured_media":30392,"comment_status":"open","ping_status":"open","sticky":false,"template":"","format":"standard","meta":{"jetpack_post_was_ever_published":false,"_jetpack_newsletter_access":"","_jetpack_dont_email_post_to_subs":false,"_jetpack_newsletter_tier_id":0,"_jetpack_memberships_contains_paywalled_content":false,"_jetpack_memberships_contains_paid_content":false,"footnotes":"","jetpack_publicize_message":"","jetpack_publicize_feature_enabled":true,"jetpack_social_post_already_shared":true,"jetpack_social_options":{"image_generator_settings":{"template":"highway","default_image_id":0,"font":"","enabled":false},"version":2}},"categories":[14,3],"tags":[],"class_list":["post-30391","post","type-post","status-publish","format-standard","has-post-thumbnail","hentry","category-merida","category-portada"],"jetpack_publicize_connections":[],"jetpack_featured_media_url":"https:\/\/formalprision.com\/wp-content\/uploads\/2015\/06\/image69.jpg","jetpack_sharing_enabled":true,"jetpack_shortlink":"https:\/\/wp.me\/p6id8p-7Ub","_links":{"self":[{"href":"https:\/\/formalprision.com\/index.php?rest_route=\/wp\/v2\/posts\/30391","targetHints":{"allow":["GET"]}}],"collection":[{"href":"https:\/\/formalprision.com\/index.php?rest_route=\/wp\/v2\/posts"}],"about":[{"href":"https:\/\/formalprision.com\/index.php?rest_route=\/wp\/v2\/types\/post"}],"author":[{"embeddable":true,"href":"https:\/\/formalprision.com\/index.php?rest_route=\/wp\/v2\/users\/1"}],"replies":[{"embeddable":true,"href":"https:\/\/formalprision.com\/index.php?rest_route=%2Fwp%2Fv2%2Fcomments&post=30391"}],"version-history":[{"count":0,"href":"https:\/\/formalprision.com\/index.php?rest_route=\/wp\/v2\/posts\/30391\/revisions"}],"wp:featuredmedia":[{"embeddable":true,"href":"https:\/\/formalprision.com\/index.php?rest_route=\/wp\/v2\/media\/30392"}],"wp:attachment":[{"href":"https:\/\/formalprision.com\/index.php?rest_route=%2Fwp%2Fv2%2Fmedia&parent=30391"}],"wp:term":[{"taxonomy":"category","embeddable":true,"href":"https:\/\/formalprision.com\/index.php?rest_route=%2Fwp%2Fv2%2Fcategories&post=30391"},{"taxonomy":"post_tag","embeddable":true,"href":"https:\/\/formalprision.com\/index.php?rest_route=%2Fwp%2Fv2%2Ftags&post=30391"}],"curies":[{"name":"wp","href":"https:\/\/api.w.org\/{rel}","templated":true}]}}