{"id":30394,"date":"2015-06-23T15:18:46","date_gmt":"2015-06-23T15:18:46","guid":{"rendered":"http:\/\/formalprision.com\/?p=30394"},"modified":"2015-06-23T15:18:46","modified_gmt":"2015-06-23T15:18:46","slug":"sin-querer-queriendo-comete-robo-por-dar-servicio-de-flete","status":"publish","type":"post","link":"https:\/\/formalprision.com\/?p=30394","title":{"rendered":"&#8216;Sin querer queriendo&#8217; comete robo por dar servicio de flete"},"content":{"rendered":"<p>Roque Ismael Mis Can fue condenado a cinco a\u00f1os y dos meses de c\u00e1rcel, porque presuntamente hizo un flete con su cami\u00f3n a un par de adolescentes de 15 a\u00f1os de edad que desvalijaron un taller mec\u00e1nico y una casa del rumbo de San Jos\u00e9 Vergel.<\/p>\n<p>El Juzgado Segundo Penal encontr\u00f3 elementos suficientes para imponer esta sanci\u00f3n, sobre todo porque el indiciado es reincidente en el delito de robo calificado.<\/p>\n<p>Fue condenado por robo calificado cometido en pandilla y ataques a las v\u00edas de comunicaci\u00f3n, pues cuando supuestamente prestaba sus servicios de flete se encontraba bajo los efectos de las drogas.<\/p>\n<p>Se salv\u00f3 de que no se haya procedido el delito de corrupci\u00f3n de menores e incapaces.<\/p>\n<p>La juez le impuso una multa de 136 d\u00edas de salario m\u00ednimo equivalentes a 8,672.72 pesos sustitutivos por 68 jornadas de trabajo a favor de la comunidad o 272 d\u00edas m\u00e1s de reclusi\u00f3n. La sanci\u00f3n empezar\u00e1 a contar a partir del 20 de marzo de 2014, fecha en la cual fue detenido.<\/p>\n<p>Los hechos ocurrieron ese d\u00eda, alrededor de las 11:30 de la ma\u00f1ana, cuando Rafael Humberto Escalante Criollo lleg\u00f3 a su taller, ubicado en el predio n\u00famero 307 de la calle 10 D con 21 de San Jos\u00e9 Vergel, y vio que varios sujetos sal\u00edan a toda prisa y abordaron dos veh\u00edculos, procediendo a seguirlos hasta el predio donde entraron, a unas cuantas calles del taller.<\/p>\n<p>R\u00e1pidamente dio parte a las autoridades policiacas, que al llegar interrogaron a una mujer sobre la procedencia de los muebles que hab\u00edan bajado y herramientas, y para evitarse problemas mejor devolvi\u00f3 los art\u00edculos.<\/p>\n<p>R\u00e1pidamente se procedi\u00f3 a la detenci\u00f3n del ahora indiciado y el decomiso de la camioneta que manejaba.<\/p>\n<p>En su declaraci\u00f3n ministerial, el sujeto dijo que dos adolescentes a los que conoce le pidieron un flete, pero no sab\u00eda que los menores estaban robando.<\/p>\n","protected":false},"excerpt":{"rendered":"<p>Roque Ismael Mis Can fue condenado a cinco a\u00f1os y dos meses de c\u00e1rcel, porque presuntamente hizo un flete con su cami\u00f3n a un par de adolescentes de 15 a\u00f1os<\/p>\n","protected":false},"author":1,"featured_media":30396,"comment_status":"open","ping_status":"open","sticky":false,"template":"","format":"standard","meta":{"jetpack_post_was_ever_published":false,"_jetpack_newsletter_access":"","_jetpack_dont_email_post_to_subs":false,"_jetpack_newsletter_tier_id":0,"_jetpack_memberships_contains_paywalled_content":false,"_jetpack_memberships_contains_paid_content":false,"footnotes":"","jetpack_publicize_message":"","jetpack_publicize_feature_enabled":true,"jetpack_social_post_already_shared":true,"jetpack_social_options":{"image_generator_settings":{"template":"highway","default_image_id":0,"font":"","enabled":false},"version":2}},"categories":[3],"tags":[82,369,222,123],"class_list":["post-30394","post","type-post","status-publish","format-standard","has-post-thumbnail","hentry","category-portada","tag-condena","tag-flete","tag-robo","tag-sentencia"],"jetpack_publicize_connections":[],"jetpack_featured_media_url":"https:\/\/formalprision.com\/wp-content\/uploads\/2015\/06\/IMG_3579.jpg","jetpack_sharing_enabled":true,"jetpack_shortlink":"https:\/\/wp.me\/p6id8p-7Ue","_links":{"self":[{"href":"https:\/\/formalprision.com\/index.php?rest_route=\/wp\/v2\/posts\/30394","targetHints":{"allow":["GET"]}}],"collection":[{"href":"https:\/\/formalprision.com\/index.php?rest_route=\/wp\/v2\/posts"}],"about":[{"href":"https:\/\/formalprision.com\/index.php?rest_route=\/wp\/v2\/types\/post"}],"author":[{"embeddable":true,"href":"https:\/\/formalprision.com\/index.php?rest_route=\/wp\/v2\/users\/1"}],"replies":[{"embeddable":true,"href":"https:\/\/formalprision.com\/index.php?rest_route=%2Fwp%2Fv2%2Fcomments&post=30394"}],"version-history":[{"count":0,"href":"https:\/\/formalprision.com\/index.php?rest_route=\/wp\/v2\/posts\/30394\/revisions"}],"wp:featuredmedia":[{"embeddable":true,"href":"https:\/\/formalprision.com\/index.php?rest_route=\/wp\/v2\/media\/30396"}],"wp:attachment":[{"href":"https:\/\/formalprision.com\/index.php?rest_route=%2Fwp%2Fv2%2Fmedia&parent=30394"}],"wp:term":[{"taxonomy":"category","embeddable":true,"href":"https:\/\/formalprision.com\/index.php?rest_route=%2Fwp%2Fv2%2Fcategories&post=30394"},{"taxonomy":"post_tag","embeddable":true,"href":"https:\/\/formalprision.com\/index.php?rest_route=%2Fwp%2Fv2%2Ftags&post=30394"}],"curies":[{"name":"wp","href":"https:\/\/api.w.org\/{rel}","templated":true}]}}