{"id":30397,"date":"2015-06-23T15:41:48","date_gmt":"2015-06-23T15:41:48","guid":{"rendered":"http:\/\/formalprision.com\/?p=30397"},"modified":"2015-06-24T16:08:51","modified_gmt":"2015-06-24T16:08:51","slug":"no-lo-dejaron-ver-a-sus-hijos-en-el-dia-del-padre-y-se-ahorco","status":"publish","type":"post","link":"https:\/\/formalprision.com\/?p=30397","title":{"rendered":"No lo dejaron ver a sus hijos en el D\u00eda del Padre y se ahorc\u00f3"},"content":{"rendered":"<p>Triste porque no lo dejaron ver a sus hijos en el D\u00eda del Padre, al d\u00eda siguiente el joven Rafael de Jes\u00fas Maga\u00f1a tom\u00f3 la fatal decisi\u00f3n de ahorcarse en su casa de la colonia Xocl\u00e1n L\u00f3pez Portillo.<\/p>\n<p>El macabro hecho fue descubierto por un peque\u00f1o sobrino del joven, que fue acompa\u00f1ado de su abuela y madre del suicida fue a verlo porque durante el convivio del D\u00eda del Padre en la casa familiar lo notaron deprimido.<\/p>\n<p>De acuerdo con datos recabados, Rafael ten\u00eda fuertes problemas con su a\u00fan esposa, de la que estaba separado, porque no lo dejaba ver a sus hijos y esto afectaba mucho al joven padre, de 23 a\u00f1os de edad.<\/p>\n<p>El D\u00eda del Padre fue a donde vive la mujer con la esperanza de que en esta ocasi\u00f3n, por ser una fecha especial, s\u00ed lo dejar\u00eda estar con sus hijos. Sin embargo, ella se neg\u00f3 una vez m\u00e1s y Rafael regres\u00f3 muy deprimido a casa de sus pap\u00e1s, en la colonia Xocl\u00e1n L\u00f3pez Portillo, donde se realizaba un convivio con sus hermanos, su pap\u00e1 y su mam\u00e1.<\/p>\n<p>Por la tarde se retir\u00f3 porque ten\u00eda que ir a trabajar y regres\u00f3 a dormir en la ma\u00f1ana del lunes, como siempre lo hac\u00eda.<\/p>\n<p>Cerca del mediod\u00eda, al parecer por un presentimiento, la madre del joven le pidi\u00f3 a uno de sus nietos, de 10 a\u00f1os de edad, que subiera al segundo piso a llamar a su t\u00edo.<\/p>\n<p>El ni\u00f1o se llev\u00f3 la peor impresi\u00f3n de su vida al ver a su t\u00edo Rafael ahorcado y peg\u00f3 un grito de horror. Al escuchar esto la abuela subi\u00f3 enseguida y sinti\u00f3 que el coraz\u00f3n se le sal\u00eda al ver a su hijo colgado. En estado de shock, ambos bajaron y pidieron ayuda a familiares y vecinos, pero ya nada hab\u00eda por hacer porque el joven hab\u00eda muerto hac\u00eda horas.<\/p>\n<p>La mujer estaba desconsolada y se lamentaba por no haber tomado en serio las advertencias de Rafael, quien ya le hab\u00eda dicho que se matar\u00eda porque no lo dejaban ver a sus hijos.<\/p>\n","protected":false},"excerpt":{"rendered":"<p>Triste porque no lo dejaron ver a sus hijos en el D\u00eda del Padre, al d\u00eda siguiente el joven Rafael de Jes\u00fas Maga\u00f1a tom\u00f3 la fatal decisi\u00f3n de ahorcarse en<\/p>\n","protected":false},"author":1,"featured_media":30399,"comment_status":"open","ping_status":"open","sticky":false,"template":"","format":"standard","meta":{"jetpack_post_was_ever_published":false,"_jetpack_newsletter_access":"","_jetpack_dont_email_post_to_subs":false,"_jetpack_newsletter_tier_id":0,"_jetpack_memberships_contains_paywalled_content":false,"_jetpack_memberships_contains_paid_content":false,"footnotes":"","jetpack_publicize_message":"","jetpack_publicize_feature_enabled":true,"jetpack_social_post_already_shared":true,"jetpack_social_options":{"image_generator_settings":{"template":"highway","default_image_id":0,"font":"","enabled":false},"version":2}},"categories":[3,54],"tags":[370,301,230],"class_list":["post-30397","post","type-post","status-publish","format-standard","has-post-thumbnail","hentry","category-portada","category-yucatan","tag-joven","tag-padre","tag-suicidio"],"jetpack_publicize_connections":[],"jetpack_featured_media_url":"https:\/\/formalprision.com\/wp-content\/uploads\/2015\/06\/la-foto1.jpg","jetpack_sharing_enabled":true,"jetpack_shortlink":"https:\/\/wp.me\/p6id8p-7Uh","_links":{"self":[{"href":"https:\/\/formalprision.com\/index.php?rest_route=\/wp\/v2\/posts\/30397","targetHints":{"allow":["GET"]}}],"collection":[{"href":"https:\/\/formalprision.com\/index.php?rest_route=\/wp\/v2\/posts"}],"about":[{"href":"https:\/\/formalprision.com\/index.php?rest_route=\/wp\/v2\/types\/post"}],"author":[{"embeddable":true,"href":"https:\/\/formalprision.com\/index.php?rest_route=\/wp\/v2\/users\/1"}],"replies":[{"embeddable":true,"href":"https:\/\/formalprision.com\/index.php?rest_route=%2Fwp%2Fv2%2Fcomments&post=30397"}],"version-history":[{"count":0,"href":"https:\/\/formalprision.com\/index.php?rest_route=\/wp\/v2\/posts\/30397\/revisions"}],"wp:featuredmedia":[{"embeddable":true,"href":"https:\/\/formalprision.com\/index.php?rest_route=\/wp\/v2\/media\/30399"}],"wp:attachment":[{"href":"https:\/\/formalprision.com\/index.php?rest_route=%2Fwp%2Fv2%2Fmedia&parent=30397"}],"wp:term":[{"taxonomy":"category","embeddable":true,"href":"https:\/\/formalprision.com\/index.php?rest_route=%2Fwp%2Fv2%2Fcategories&post=30397"},{"taxonomy":"post_tag","embeddable":true,"href":"https:\/\/formalprision.com\/index.php?rest_route=%2Fwp%2Fv2%2Ftags&post=30397"}],"curies":[{"name":"wp","href":"https:\/\/api.w.org\/{rel}","templated":true}]}}