{"id":3092,"date":"2014-06-04T00:04:00","date_gmt":"2014-06-04T00:04:00","guid":{"rendered":"http:\/\/formalprision.info\/2014\/06\/04\/martin-bravo-leon-y-matias-britos-pumas\/"},"modified":"2015-06-03T08:37:30","modified_gmt":"2015-06-03T08:37:30","slug":"martin-bravo-leon-y-matias-britos-pumas","status":"publish","type":"post","link":"https:\/\/formalprision.com\/?p=3092","title":{"rendered":"Mart\u00edn Bravo a Le\u00f3n y Mat\u00edas Britos a Pumas"},"content":{"rendered":"<div style=\"font-family: Noteworthy; font-size: 18px; font-weight: bold; line-height: 24px; -webkit-tap-highlight-color: rgba(26, 26, 26, 0.296875); -webkit-composition-fill-color: rgba(130, 98, 83, 0.0976563); -webkit-composition-frame-color: rgba(191, 107, 82, 0.496094); \">CANC\u00daN, 3 de junio.\u2013 El vicepresidente de Pumas de la UNAM, Mario Trejo, confirm\u00f3 este martes la salida del argentino Mart\u00edn Bravo al club Le\u00f3n, de donde saldr\u00e1 el uruguayo Mat\u00edas Britos al conjunto auriazul, de cara al Torneo Apertura 2014.<\/div>\n<div style=\"font-family: Noteworthy; font-size: 18px; font-weight: bold; line-height: 24px; -webkit-tap-highlight-color: rgba(26, 26, 26, 0.296875); -webkit-composition-fill-color: rgba(130, 98, 83, 0.0976563); -webkit-composition-frame-color: rgba(191, 107, 82, 0.496094); \">El club Le\u00f3n ya tuvo un acercamiento con el representante de Mart\u00edn y con Edgardo Bravo, que es su padre. Ellos ya acordaron tambi\u00e9n, entonces con base a eso ya hab\u00edamos tomado un previo acuerdo con Le\u00f3n para el intercambio\u201d, explic\u00f3.<\/div>\n<div style=\"font-family: Noteworthy; font-size: 18px; font-weight: bold; line-height: 24px; -webkit-tap-highlight-color: rgba(26, 26, 26, 0.296875); -webkit-composition-fill-color: rgba(130, 98, 83, 0.0976563); -webkit-composition-frame-color: rgba(191, 107, 82, 0.496094); \">Agreg\u00f3 que \u201cviene Britos con nosotros y Bravo va con ellos. S\u00ed, es una sesi\u00f3n de derechos de ambos jugadores, no hay dinero de por medio, obviamente se tiene que establecer un costo para la cuesti\u00f3n fiscal, pero est\u00e1 hecha la operaci\u00f3n\u201d.<\/div>\n<div style=\"font-family: Noteworthy; font-size: 18px; font-weight: bold; line-height: 24px; -webkit-tap-highlight-color: rgba(26, 26, 26, 0.296875); -webkit-composition-fill-color: rgba(130, 98, 83, 0.0976563); -webkit-composition-frame-color: rgba(191, 107, 82, 0.496094); \">Detall\u00f3 que \u201ca Mat\u00edas ya lo hab\u00edamos visto desde antes que viniera al futbol mexicano porque creemos que tiene las caracter\u00edsticas para nuestra constituci\u00f3n. Creo que ambas instituciones salimos ganando\u201d.<\/div>\n<div style=\"font-family: Noteworthy; font-size: 18px; font-weight: bold; line-height: 24px; -webkit-tap-highlight-color: rgba(26, 26, 26, 0.296875); -webkit-composition-fill-color: rgba(130, 98, 83, 0.0976563); -webkit-composition-frame-color: rgba(191, 107, 82, 0.496094); \">Con motivo del R\u00e9gimen de Transferencias del Jugador, coment\u00f3 que algunos clubes se han acercado a la directiva de Pumas de la UNAM para preguntar por la situaci\u00f3n de algunos futbolistas, como Efra\u00edn \u201cChispa\u201d Velarde, \u201cquien estar\u00eda en posibilidades de salir, nosotros nos queremos quedar con \u00e9l, pero tampoco le vamos a cerrar la puerta\u201d.<\/div>\n<div style=\"font-family: Noteworthy; font-size: 18px; font-weight: bold; line-height: 24px; -webkit-tap-highlight-color: rgba(26, 26, 26, 0.296875); -webkit-composition-fill-color: rgba(130, 98, 83, 0.0976563); -webkit-composition-frame-color: rgba(191, 107, 82, 0.496094); \">Asegur\u00f3 que \u201cnosotros ya no estamos buscando (contrataciones), ya estamos completos, vamos a mantener nuestro plantel, queremos dar seguimiento al plantel que creemos que es bueno\u201d.( El lUniversal)<\/p>\n<div class=\"separator\" style=\"clear: both;\"><a href=\"https:\/\/lh5.googleusercontent.com\/-6eu9RxYR3zI\/U45ioRG9B3I\/AAAAAAAAhac\/-vToWvPF1Ew\/s640\/blogger-image-12775054.jpg\" imageanchor=\"1\" style=\"margin-left: 1em; margin-right: 1em;\"><img decoding=\"async\" border=\"0\" src=\"https:\/\/lh5.googleusercontent.com\/-6eu9RxYR3zI\/U45ioRG9B3I\/AAAAAAAAhac\/-vToWvPF1Ew\/s640\/blogger-image-12775054.jpg\"><\/a><\/div>\n<\/div>\n<div><\/div>\n","protected":false},"excerpt":{"rendered":"<p>CANC\u00daN, 3 de junio.\u2013 El vicepresidente de Pumas de la UNAM, Mario Trejo, confirm\u00f3 este martes la salida del argentino Mart\u00edn Bravo al club Le\u00f3n, de donde saldr\u00e1 el uruguayo<\/p>\n","protected":false},"author":1,"featured_media":16295,"comment_status":"open","ping_status":"open","sticky":false,"template":"","format":"standard","meta":{"jetpack_post_was_ever_published":false,"_jetpack_newsletter_access":"","_jetpack_dont_email_post_to_subs":false,"_jetpack_newsletter_tier_id":0,"_jetpack_memberships_contains_paywalled_content":false,"_jetpack_memberships_contains_paid_content":false,"footnotes":"","jetpack_publicize_message":"","jetpack_publicize_feature_enabled":true,"jetpack_social_post_already_shared":false,"jetpack_social_options":{"image_generator_settings":{"template":"highway","default_image_id":0,"font":"","enabled":false},"version":2}},"categories":[4,1],"tags":[],"class_list":["post-3092","post","type-post","status-publish","format-standard","has-post-thumbnail","hentry","category-deportes","category-sin-categoria"],"jetpack_publicize_connections":[],"jetpack_featured_media_url":"https:\/\/formalprision.com\/wp-content\/uploads\/2014\/06\/blogger-image-12775054.jpg","jetpack_sharing_enabled":true,"jetpack_shortlink":"https:\/\/wp.me\/p6id8p-NS","_links":{"self":[{"href":"https:\/\/formalprision.com\/index.php?rest_route=\/wp\/v2\/posts\/3092","targetHints":{"allow":["GET"]}}],"collection":[{"href":"https:\/\/formalprision.com\/index.php?rest_route=\/wp\/v2\/posts"}],"about":[{"href":"https:\/\/formalprision.com\/index.php?rest_route=\/wp\/v2\/types\/post"}],"author":[{"embeddable":true,"href":"https:\/\/formalprision.com\/index.php?rest_route=\/wp\/v2\/users\/1"}],"replies":[{"embeddable":true,"href":"https:\/\/formalprision.com\/index.php?rest_route=%2Fwp%2Fv2%2Fcomments&post=3092"}],"version-history":[{"count":0,"href":"https:\/\/formalprision.com\/index.php?rest_route=\/wp\/v2\/posts\/3092\/revisions"}],"wp:featuredmedia":[{"embeddable":true,"href":"https:\/\/formalprision.com\/index.php?rest_route=\/wp\/v2\/media\/16295"}],"wp:attachment":[{"href":"https:\/\/formalprision.com\/index.php?rest_route=%2Fwp%2Fv2%2Fmedia&parent=3092"}],"wp:term":[{"taxonomy":"category","embeddable":true,"href":"https:\/\/formalprision.com\/index.php?rest_route=%2Fwp%2Fv2%2Fcategories&post=3092"},{"taxonomy":"post_tag","embeddable":true,"href":"https:\/\/formalprision.com\/index.php?rest_route=%2Fwp%2Fv2%2Ftags&post=3092"}],"curies":[{"name":"wp","href":"https:\/\/api.w.org\/{rel}","templated":true}]}}