{"id":3095,"date":"2014-06-03T21:09:00","date_gmt":"2014-06-03T21:09:00","guid":{"rendered":"http:\/\/formalprision.info\/2014\/06\/03\/nuevo-cuerpo-policiaco-de-la-ssp-para\/"},"modified":"2015-06-03T08:37:31","modified_gmt":"2015-06-03T08:37:31","slug":"nuevo-cuerpo-policiaco-de-la-ssp-para","status":"publish","type":"post","link":"https:\/\/formalprision.com\/?p=3095","title":{"rendered":"Nuevo cuerpo polic\u00edaco de la SSP para los Juicios Orales"},"content":{"rendered":"<div style=\"font-family: Noteworthy; font-size: 18px; font-weight: bold; line-height: 24px; -webkit-tap-highlight-color: rgba(26, 26, 26, 0.296875); -webkit-composition-fill-color: rgba(130, 98, 83, 0.0976563); -webkit-composition-frame-color: rgba(191, 107, 82, 0.496094); \">\n<div class=\"separator\" style=\"clear: both;\"><a href=\"https:\/\/lh5.googleusercontent.com\/-OBdOMoMJUxM\/U445bpC88TI\/AAAAAAAAhZo\/dtsjKwQEtpI\/s640\/blogger-image--1128657293.jpg\" imageanchor=\"1\" style=\"margin-left: 1em; margin-right: 1em;\"><img decoding=\"async\" border=\"0\" src=\"https:\/\/lh5.googleusercontent.com\/-OBdOMoMJUxM\/U445bpC88TI\/AAAAAAAAhZo\/dtsjKwQEtpI\/s640\/blogger-image--1128657293.jpg\"><\/a><\/div>\n<p>Desde hoy, M\u00e9rida cuenta con un nuevo policiaco, conformado con motivo de la entrada en vigor del nuevo sistema de justicia penal.<\/p><\/div>\n<div style=\"font-family: Noteworthy; font-size: 18px; font-weight: bold; line-height: 24px; -webkit-tap-highlight-color: rgba(26, 26, 26, 0.296875); -webkit-composition-fill-color: rgba(130, 98, 83, 0.0976563); -webkit-composition-frame-color: rgba(191, 107, 82, 0.496094); \">Se trata de la Polic\u00eda Procesal, que se encargar\u00e1 b\u00e1sicamente del traslado de los detenidos y de la seguridad del edificio sede de los Juicios orales, el Centro de Justicia Oral de M\u00e9rida.<\/div>\n<div style=\"font-family: Noteworthy; font-size: 18px; font-weight: bold; line-height: 24px; -webkit-tap-highlight-color: rgba(26, 26, 26, 0.296875); -webkit-composition-fill-color: rgba(130, 98, 83, 0.0976563); -webkit-composition-frame-color: rgba(191, 107, 82, 0.496094); \">Aunque portan uniforme distinto a los de la Secretar\u00eda de Seguridad P\u00fablica, dependen de la corporaci\u00f3n, cuyo titular es Luis Felipe Said\u00e9n Ojeda.<\/div>\n<div style=\"font-family: Noteworthy; font-size: 18px; font-weight: bold; line-height: 24px; -webkit-tap-highlight-color: rgba(26, 26, 26, 0.296875); -webkit-composition-fill-color: rgba(130, 98, 83, 0.0976563); -webkit-composition-frame-color: rgba(191, 107, 82, 0.496094); \">Estos polic\u00edas trasladar\u00e1n, a trav\u00e9s de un t\u00fanel, a los detenidos, desde el penal al Centro de Justicia y los devolver\u00e1n de la misma forma al t\u00e9rmino de cada diligencia.<\/div>\n<div style=\"font-family: Noteworthy; font-size: 18px; font-weight: bold; line-height: 24px; -webkit-tap-highlight-color: rgba(26, 26, 26, 0.296875); -webkit-composition-fill-color: rgba(130, 98, 83, 0.0976563); -webkit-composition-frame-color: rgba(191, 107, 82, 0.496094); \">El penal y el Centro de Justicia Oral de M\u00e9rida se encuentran ubicados en la colonia San Jos\u00e9 Tecoh, uno enfrente de otro y unidos por un t\u00fanel.<\/div>\n<div style=\"font-family: Noteworthy; font-size: 18px; font-weight: bold; line-height: 24px; -webkit-tap-highlight-color: rgba(26, 26, 26, 0.296875); -webkit-composition-fill-color: rgba(130, 98, 83, 0.0976563); -webkit-composition-frame-color: rgba(191, 107, 82, 0.496094); \">Estos agentes vigilan que el acceso de los jueces, acusados &nbsp;y las v\u00edctimas se hagan por sitios diferentes, para evitar en todo momento un posible encuentro entre ellos antes del juicio oral.<\/div>\n<div style=\"font-family: Noteworthy; font-size: 18px; font-weight: bold; line-height: 24px; -webkit-tap-highlight-color: rgba(26, 26, 26, 0.296875); -webkit-composition-fill-color: rgba(130, 98, 83, 0.0976563); -webkit-composition-frame-color: rgba(191, 107, 82, 0.496094); \">Los jueces ingresan por un elevador que hay para cada una de las ocho salas de juicio oral.<\/div>\n<div style=\"font-family: Noteworthy; font-size: 18px; font-weight: bold; line-height: 24px; -webkit-tap-highlight-color: rgba(26, 26, 26, 0.296875); -webkit-composition-fill-color: rgba(130, 98, 83, 0.0976563); -webkit-composition-frame-color: rgba(191, 107, 82, 0.496094); \">La Polic\u00eda Procesal est\u00e1 compuesta por unos 20 agentes, aunque ir\u00e1n aumentando conforme los procesos se multipliquen.<\/p>\n<div class=\"separator\" style=\"clear: both;\"><a href=\"https:\/\/lh3.googleusercontent.com\/-Q9_80SBXes8\/U445ZGw4ELI\/AAAAAAAAhZg\/vBD_FrgTeeg\/s640\/blogger-image-571913508.jpg\" imageanchor=\"1\" style=\"margin-left: 1em; margin-right: 1em;\"><img decoding=\"async\" border=\"0\" src=\"https:\/\/lh3.googleusercontent.com\/-Q9_80SBXes8\/U445ZGw4ELI\/AAAAAAAAhZg\/vBD_FrgTeeg\/s640\/blogger-image-571913508.jpg\"><\/a><\/div>\n<\/div>\n","protected":false},"excerpt":{"rendered":"<p>Desde hoy, M\u00e9rida cuenta con un nuevo policiaco, conformado con motivo de la entrada en vigor del nuevo sistema de justicia penal. Se trata de la Polic\u00eda Procesal, que se<\/p>\n","protected":false},"author":1,"featured_media":16300,"comment_status":"open","ping_status":"open","sticky":false,"template":"","format":"standard","meta":{"jetpack_post_was_ever_published":false,"_jetpack_newsletter_access":"","_jetpack_dont_email_post_to_subs":false,"_jetpack_newsletter_tier_id":0,"_jetpack_memberships_contains_paywalled_content":false,"_jetpack_memberships_contains_paid_content":false,"footnotes":"","jetpack_publicize_message":"","jetpack_publicize_feature_enabled":true,"jetpack_social_post_already_shared":false,"jetpack_social_options":{"image_generator_settings":{"template":"highway","default_image_id":0,"font":"","enabled":false},"version":2}},"categories":[10,3,1],"tags":[],"class_list":["post-3095","post","type-post","status-publish","format-standard","has-post-thumbnail","hentry","category-lectura-recomendada","category-portada","category-sin-categoria"],"jetpack_publicize_connections":[],"jetpack_featured_media_url":"https:\/\/formalprision.com\/wp-content\/uploads\/2014\/06\/blogger-image-1128657293.jpg","jetpack_sharing_enabled":true,"jetpack_shortlink":"https:\/\/wp.me\/p6id8p-NV","_links":{"self":[{"href":"https:\/\/formalprision.com\/index.php?rest_route=\/wp\/v2\/posts\/3095","targetHints":{"allow":["GET"]}}],"collection":[{"href":"https:\/\/formalprision.com\/index.php?rest_route=\/wp\/v2\/posts"}],"about":[{"href":"https:\/\/formalprision.com\/index.php?rest_route=\/wp\/v2\/types\/post"}],"author":[{"embeddable":true,"href":"https:\/\/formalprision.com\/index.php?rest_route=\/wp\/v2\/users\/1"}],"replies":[{"embeddable":true,"href":"https:\/\/formalprision.com\/index.php?rest_route=%2Fwp%2Fv2%2Fcomments&post=3095"}],"version-history":[{"count":0,"href":"https:\/\/formalprision.com\/index.php?rest_route=\/wp\/v2\/posts\/3095\/revisions"}],"wp:featuredmedia":[{"embeddable":true,"href":"https:\/\/formalprision.com\/index.php?rest_route=\/wp\/v2\/media\/16300"}],"wp:attachment":[{"href":"https:\/\/formalprision.com\/index.php?rest_route=%2Fwp%2Fv2%2Fmedia&parent=3095"}],"wp:term":[{"taxonomy":"category","embeddable":true,"href":"https:\/\/formalprision.com\/index.php?rest_route=%2Fwp%2Fv2%2Fcategories&post=3095"},{"taxonomy":"post_tag","embeddable":true,"href":"https:\/\/formalprision.com\/index.php?rest_route=%2Fwp%2Fv2%2Ftags&post=3095"}],"curies":[{"name":"wp","href":"https:\/\/api.w.org\/{rel}","templated":true}]}}