{"id":3110,"date":"2014-06-01T16:16:00","date_gmt":"2014-06-01T16:16:00","guid":{"rendered":"http:\/\/formalprision.info\/2014\/06\/01\/pescador-acusado-de-homicidio-por-la\/"},"modified":"2015-06-03T08:37:38","modified_gmt":"2015-06-03T08:37:38","slug":"pescador-acusado-de-homicidio-por-la","status":"publish","type":"post","link":"https:\/\/formalprision.com\/?p=3110","title":{"rendered":"Pescador acusado de homicidio por la muerte de directivo del Cobay"},"content":{"rendered":"<div style=\"font-family: Noteworthy; font-size: 18px; font-weight: bold; line-height: 24px; -webkit-tap-highlight-color: rgba(26, 26, 26, 0.296875); -webkit-composition-fill-color: rgba(130, 98, 83, 0.0976563); -webkit-composition-frame-color: rgba(191, 107, 82, 0.496094); \">\n<div class=\"separator\" style=\"clear: both;\"><a href=\"https:\/\/lh5.googleusercontent.com\/-SUoFYUXDINQ\/U4tR6Rp87PI\/AAAAAAAAhWM\/LEz8dH5SQnM\/s640\/blogger-image-1575035784.jpg\" imageanchor=\"1\" style=\"margin-left: 1em; margin-right: 1em;\"><img decoding=\"async\" border=\"0\" src=\"https:\/\/lh5.googleusercontent.com\/-SUoFYUXDINQ\/U4tR6Rp87PI\/AAAAAAAAhWM\/LEz8dH5SQnM\/s640\/blogger-image-1575035784.jpg\"><\/a><\/div>\n<p>El pescador V\u00edctor Rafael Concha Chal\u00e9 fue puesto a disposici\u00f3n de la Fiscal\u00eda estatal como presunto responsable de la muerte del directivo del Cobay de Progreso Jorge Carlos Heredia.<\/p><\/div>\n<div style=\"font-family: Noteworthy; font-size: 18px; font-weight: bold; line-height: 24px; -webkit-tap-highlight-color: rgba(26, 26, 26, 0.296875); -webkit-composition-fill-color: rgba(130, 98, 83, 0.0976563); -webkit-composition-frame-color: rgba(191, 107, 82, 0.496094); \">V\u00edctor Rafael operaba la lancha que choc\u00f3 contra la embarcaci\u00f3n en la que viajaba el infortunado profesor Anguas, quien ten\u00eda al morir 58 a\u00f1os de edad.<\/div>\n<div style=\"font-family: Noteworthy; font-size: 18px; font-weight: bold; line-height: 24px; -webkit-tap-highlight-color: rgba(26, 26, 26, 0.296875); -webkit-composition-fill-color: rgba(130, 98, 83, 0.0976563); -webkit-composition-frame-color: rgba(191, 107, 82, 0.496094); \">El mentor muri\u00f3 porque el impacto fue exactamente donde iba sentado, de manera que recibi\u00f3 el golpe en el pecho, caus\u00e1ndole ello la muerte casi instant\u00e1nea.<\/div>\n<div style=\"font-family: Noteworthy; font-size: 18px; font-weight: bold; line-height: 24px; -webkit-tap-highlight-color: rgba(26, 26, 26, 0.296875); -webkit-composition-fill-color: rgba(130, 98, 83, 0.0976563); -webkit-composition-frame-color: rgba(191, 107, 82, 0.496094); \">Por el choque tambi\u00e9n result\u00f3 gravemente herido Edwin Cano Cauich, quien viajaba en la lancha del profesor.<\/div>\n<div style=\"font-family: Noteworthy; font-size: 18px; font-weight: bold; line-height: 24px; -webkit-tap-highlight-color: rgba(26, 26, 26, 0.296875); -webkit-composition-fill-color: rgba(130, 98, 83, 0.0976563); -webkit-composition-frame-color: rgba(191, 107, 82, 0.496094); \">Seg\u00fan los sobrevivientes, V\u00edctor Rafael Concha iba a exceso de velocidad en una zona que tiene como m\u00e1ximo 5 nudos de tr\u00e1nsito.<\/div>\n<div style=\"font-family: Noteworthy; font-size: 18px; font-weight: bold; line-height: 24px; -webkit-tap-highlight-color: rgba(26, 26, 26, 0.296875); -webkit-composition-fill-color: rgba(130, 98, 83, 0.0976563); -webkit-composition-frame-color: rgba(191, 107, 82, 0.496094); \">El fue arrestado en la avenida Libramiento x 124 y 128 de esta ciudad, justo despu\u00e9s de arribar tras el accidente mortal, ocurrido en la zona conocida como La Caleta, en Progreso, rumbo a Yucalpet\u00e9n.<\/div>\n<div style=\"font-family: Noteworthy; font-size: 18px; font-weight: bold; line-height: 24px; -webkit-tap-highlight-color: rgba(26, 26, 26, 0.296875); -webkit-composition-fill-color: rgba(130, 98, 83, 0.0976563); -webkit-composition-frame-color: rgba(191, 107, 82, 0.496094); \">El pescador ser\u00e1 acusado de homicidio culposo, por lo que tiene derecho a la libertad bajo fianza.<\/p>\n<div class=\"separator\" style=\"clear: both;\"><a href=\"https:\/\/lh5.googleusercontent.com\/-Vah5_GAaSVk\/U4tR4vZT1YI\/AAAAAAAAhWE\/kuxOFCT-cdc\/s640\/blogger-image-1314815340.jpg\" imageanchor=\"1\" style=\"margin-left: 1em; margin-right: 1em;\"><img decoding=\"async\" border=\"0\" src=\"https:\/\/lh5.googleusercontent.com\/-Vah5_GAaSVk\/U4tR4vZT1YI\/AAAAAAAAhWE\/kuxOFCT-cdc\/s640\/blogger-image-1314815340.jpg\"><\/a><\/div>\n<\/div>\n","protected":false},"excerpt":{"rendered":"<p>El pescador V\u00edctor Rafael Concha Chal\u00e9 fue puesto a disposici\u00f3n de la Fiscal\u00eda estatal como presunto responsable de la muerte del directivo del Cobay de Progreso Jorge Carlos Heredia. V\u00edctor<\/p>\n","protected":false},"author":1,"featured_media":16330,"comment_status":"open","ping_status":"open","sticky":false,"template":"","format":"standard","meta":{"jetpack_post_was_ever_published":false,"_jetpack_newsletter_access":"","_jetpack_dont_email_post_to_subs":false,"_jetpack_newsletter_tier_id":0,"_jetpack_memberships_contains_paywalled_content":false,"_jetpack_memberships_contains_paid_content":false,"footnotes":"","jetpack_publicize_message":"","jetpack_publicize_feature_enabled":true,"jetpack_social_post_already_shared":false,"jetpack_social_options":{"image_generator_settings":{"template":"highway","default_image_id":0,"font":"","enabled":false},"version":2}},"categories":[7,3,1],"tags":[],"class_list":["post-3110","post","type-post","status-publish","format-standard","has-post-thumbnail","hentry","category-breves","category-portada","category-sin-categoria"],"jetpack_publicize_connections":[],"jetpack_featured_media_url":"https:\/\/formalprision.com\/wp-content\/uploads\/2014\/06\/blogger-image-1575035784.jpg","jetpack_sharing_enabled":true,"jetpack_shortlink":"https:\/\/wp.me\/p6id8p-Oa","_links":{"self":[{"href":"https:\/\/formalprision.com\/index.php?rest_route=\/wp\/v2\/posts\/3110","targetHints":{"allow":["GET"]}}],"collection":[{"href":"https:\/\/formalprision.com\/index.php?rest_route=\/wp\/v2\/posts"}],"about":[{"href":"https:\/\/formalprision.com\/index.php?rest_route=\/wp\/v2\/types\/post"}],"author":[{"embeddable":true,"href":"https:\/\/formalprision.com\/index.php?rest_route=\/wp\/v2\/users\/1"}],"replies":[{"embeddable":true,"href":"https:\/\/formalprision.com\/index.php?rest_route=%2Fwp%2Fv2%2Fcomments&post=3110"}],"version-history":[{"count":0,"href":"https:\/\/formalprision.com\/index.php?rest_route=\/wp\/v2\/posts\/3110\/revisions"}],"wp:featuredmedia":[{"embeddable":true,"href":"https:\/\/formalprision.com\/index.php?rest_route=\/wp\/v2\/media\/16330"}],"wp:attachment":[{"href":"https:\/\/formalprision.com\/index.php?rest_route=%2Fwp%2Fv2%2Fmedia&parent=3110"}],"wp:term":[{"taxonomy":"category","embeddable":true,"href":"https:\/\/formalprision.com\/index.php?rest_route=%2Fwp%2Fv2%2Fcategories&post=3110"},{"taxonomy":"post_tag","embeddable":true,"href":"https:\/\/formalprision.com\/index.php?rest_route=%2Fwp%2Fv2%2Ftags&post=3110"}],"curies":[{"name":"wp","href":"https:\/\/api.w.org\/{rel}","templated":true}]}}