{"id":3114,"date":"2014-05-31T05:04:00","date_gmt":"2014-05-31T05:04:00","guid":{"rendered":"http:\/\/formalprision.info\/2014\/05\/31\/abren-nuevo-espacio-cultural-en-e\/"},"modified":"2015-06-03T08:37:39","modified_gmt":"2015-06-03T08:37:39","slug":"abren-nuevo-espacio-cultural-en-e","status":"publish","type":"post","link":"https:\/\/formalprision.com\/?p=3114","title":{"rendered":"Abren nuevo espacio cultural en el Oriente de Yucat\u00e1n"},"content":{"rendered":"<div style=\"font-family: Noteworthy; font-size: 18px; font-weight: bold; line-height: 24px; -webkit-tap-highlight-color: rgba(26, 26, 26, 0.296875); -webkit-composition-fill-color: rgba(130, 98, 83, 0.0976563); -webkit-composition-frame-color: rgba(191, 107, 82, 0.496094); \">\n<div>Espita, Yucat\u00e1n, 30 de mayo de 2014.- Como parte de las acciones de descentralizaci\u00f3n cultural que impulsa el Gobierno del Estado, esta noche abri\u00f3 sus puertas la Casa de la Cultura de Espita, espacio largamente anhelado por los habitantes de este municipio y de la zona Oriente de la entidad.<\/div>\n<div>&nbsp;En representaci\u00f3n del Gobernador Rolando Zapata Bello, el titular de la Secretar\u00eda de la Cultura y las Artes (Sedeculta), Roger Metri Duarte, inaugur\u00f3 dicho Centro, evento que junto con el concierto que ofreci\u00f3 posteriormente el grupo El Boom, cerr\u00f3 las actividades del Festival Primavera Cultural edici\u00f3n 2014. &nbsp; &nbsp; &nbsp;&nbsp;<\/div>\n<div>En ese marco, el funcionario estatal atestigu\u00f3 la firma de un convenio de colaboraci\u00f3n entre el secretario del Trabajo y Previsi\u00f3n Social, Enrique Castillo Ruz; el director del Instituto Yucateco de Emprendedores, H\u00e9ctor Enr\u00edquez L\u00f3pez, y el alcalde anfitri\u00f3n, Carlos Erosa Correa. El objetivo del mismo es acercar a los emprendedores, empresarios y habitantes espite\u00f1os conferencias, cursos, talleres y asesor\u00edas que permitan mejorar su desempe\u00f1o personal y profesional.&nbsp;<\/div>\n<div>Por lo que toca al nuevo centro cultural, se ubica en una casona con m\u00e1s de 150 a\u00f1os de antig\u00fcedad y en donde por m\u00e1s de siete d\u00e9cadas funcion\u00f3 la escuela primaria \u201cManuela Olivares\u201d. El edificio fue rescatado tras una inversi\u00f3n de 4.9 millones de pesos.&nbsp;<\/div>\n<div>En este lugar se impartir\u00e1n talleres de m\u00fasica, danza, teatro y artes pl\u00e1sticas, as\u00ed como cursos de computaci\u00f3n, gastronom\u00eda, ingl\u00e9s y maya. De igual forma se establecer\u00e1 en \u00e9l un centro capacitaci\u00f3n para industria hotelera y restaurantera.&nbsp;<\/div>\n<div>Ante habitantes de este municipio, legisladores, autoridades estatales y federales, adem\u00e1s de representantes de las Fuerzas Armadas, Metri Duarte resalt\u00f3 que este espacio permite generar nuevas expectativas de procesos culturales destinados a la preservaci\u00f3n de la comunidad, y que sus muestras puedan ser llevadas a su lugar ideal, que es la sociedad inmediata.&nbsp;<\/div>\n<div>\u201cEste es un esfuerzo para que Espita siga articulando este sue\u00f1o de arte y cultura, y hoy d\u00e9 acceso a esta formaci\u00f3n y capacitaci\u00f3n de sus habitantes y los que la visiten, fomentando un intercambio cultural en la regi\u00f3n que posibilite estar a la vanguardia en el tema\u201d, asever\u00f3.&nbsp;<\/div>\n<div>En su mensaje, el titular de la Sedeculta destac\u00f3 la suma de esfuerzos, trabajo y aptitudes para lograr sinergias capaces de concretarse a trav\u00e9s de la Casa de la Cultura de este importante municipio del Oriente del estado.&nbsp;<\/div>\n<div>En su turno, el presidente municipal de Espita refiri\u00f3 que para que se produzca un nuevo florecimiento de la cultura es necesario que exista una econom\u00eda fuerte, por lo que indic\u00f3 que en esta localidad se trabaja para fomentar el empleo en el campo y en la industria.&nbsp;<\/div>\n<div>Lo hacemos para que nuestro municipio vuelva a ser la \u201cAtenas de Yucat\u00e1n\u201d y el compromiso es mantener vivo este espacio, para que Espita renazca y su fuerza econ\u00f3mica y cultural vayan al parejo, finaliz\u00f3.&nbsp;<\/div>\n<div>Momentos previos a la inauguraci\u00f3n de este recinto cultural, los habitantes y visitantes de localidades circunvecinas disfrutaron la actuaci\u00f3n de la Orquesta Jaranera local acompa\u00f1ada por el Ballet Folcl\u00f3rico del plantel del Colegio de Estudios Cient\u00edficos y Tecnol\u00f3gicos de Yucat\u00e1n (Cecytey), cuyos integrantes lucieron aut\u00e9nticos ternos y filipinas confeccionados para la ocasi\u00f3n.&nbsp;<\/div>\n<div>Adem\u00e1s se deleitaron con una muestra artesanal, m\u00fasica de tr\u00edo y un cuarteto que toc\u00f3 piezas andinas, as\u00ed como la presencia de gremios tradicionales y la intervenci\u00f3n de charangas.&nbsp;&nbsp;<\/div>\n<div>La noche se llen\u00f3 de ritmo caribe\u00f1o cuando los integrantes del grupo musical El Boom subieron al escenario, para contagiar al p\u00fablico con su salsa y cumbia cubana. \u201cM\u00e1tame\u201d, \u201cNi\u00f1a\u201d, \u201cYo no s\u00e9\u201d, \u201cEnamorarme de ti\u201d, \u201cEl baile de las nenas\u201d, \u201cD\u00e1melo\u201d, \u201cQu\u00e9 me importa\u201d y \u201cEl camar\u00f3n\u201d fueron algunas de las canciones que interpretaron llenado de alegr\u00eda y gozo al p\u00fablico asistente.&nbsp;<\/div>\n<div>Con este magno evento terminan 26 d\u00edas de actividades tanto en M\u00e9rida como en 53 municipios del estado, en los que se realizaron 236 eventos con la participaci\u00f3n de dos mil 370 artistas.&nbsp;<\/div>\n<div>Estuvieron presentes en el cierre la senadora Ang\u00e9lica Araujo Lara; el diputado federal, William Sosa Altamira; el secretario de Educaci\u00f3n del Estado, Ra\u00fal Godoy Monta\u00f1ez; y el representante de la XXXII Zona Militar, Gabriel Bautista Tapia.(comunicado)<\/p>\n<div class=\"separator\" style=\"clear: both;\"><a href=\"https:\/\/lh4.googleusercontent.com\/--TpW6Is2Mhg\/U4li61D74fI\/AAAAAAAAhVE\/v3soKaV2h9c\/s640\/blogger-image--2110977146.jpg\" imageanchor=\"1\" style=\"margin-left: 1em; margin-right: 1em;\"><img decoding=\"async\" border=\"0\" src=\"https:\/\/lh4.googleusercontent.com\/--TpW6Is2Mhg\/U4li61D74fI\/AAAAAAAAhVE\/v3soKaV2h9c\/s640\/blogger-image--2110977146.jpg\"><\/a><\/div>\n<\/div>\n<div><\/div>\n<\/div>\n","protected":false},"excerpt":{"rendered":"<p>Espita, Yucat\u00e1n, 30 de mayo de 2014.- Como parte de las acciones de descentralizaci\u00f3n cultural que impulsa el Gobierno del Estado, esta noche abri\u00f3 sus puertas la Casa de la<\/p>\n","protected":false},"author":1,"featured_media":16338,"comment_status":"open","ping_status":"open","sticky":false,"template":"","format":"standard","meta":{"jetpack_post_was_ever_published":false,"_jetpack_newsletter_access":"","_jetpack_dont_email_post_to_subs":false,"_jetpack_newsletter_tier_id":0,"_jetpack_memberships_contains_paywalled_content":false,"_jetpack_memberships_contains_paid_content":false,"footnotes":"","jetpack_publicize_message":"","jetpack_publicize_feature_enabled":true,"jetpack_social_post_already_shared":false,"jetpack_social_options":{"image_generator_settings":{"template":"highway","default_image_id":0,"font":"","enabled":false},"version":2}},"categories":[1,49],"tags":[],"class_list":["post-3114","post","type-post","status-publish","format-standard","has-post-thumbnail","hentry","category-sin-categoria","category-tocho-morocho"],"jetpack_publicize_connections":[],"jetpack_featured_media_url":"https:\/\/formalprision.com\/wp-content\/uploads\/2014\/05\/blogger-image-2110977146.jpg","jetpack_sharing_enabled":true,"jetpack_shortlink":"https:\/\/wp.me\/p6id8p-Oe","_links":{"self":[{"href":"https:\/\/formalprision.com\/index.php?rest_route=\/wp\/v2\/posts\/3114","targetHints":{"allow":["GET"]}}],"collection":[{"href":"https:\/\/formalprision.com\/index.php?rest_route=\/wp\/v2\/posts"}],"about":[{"href":"https:\/\/formalprision.com\/index.php?rest_route=\/wp\/v2\/types\/post"}],"author":[{"embeddable":true,"href":"https:\/\/formalprision.com\/index.php?rest_route=\/wp\/v2\/users\/1"}],"replies":[{"embeddable":true,"href":"https:\/\/formalprision.com\/index.php?rest_route=%2Fwp%2Fv2%2Fcomments&post=3114"}],"version-history":[{"count":0,"href":"https:\/\/formalprision.com\/index.php?rest_route=\/wp\/v2\/posts\/3114\/revisions"}],"wp:featuredmedia":[{"embeddable":true,"href":"https:\/\/formalprision.com\/index.php?rest_route=\/wp\/v2\/media\/16338"}],"wp:attachment":[{"href":"https:\/\/formalprision.com\/index.php?rest_route=%2Fwp%2Fv2%2Fmedia&parent=3114"}],"wp:term":[{"taxonomy":"category","embeddable":true,"href":"https:\/\/formalprision.com\/index.php?rest_route=%2Fwp%2Fv2%2Fcategories&post=3114"},{"taxonomy":"post_tag","embeddable":true,"href":"https:\/\/formalprision.com\/index.php?rest_route=%2Fwp%2Fv2%2Ftags&post=3114"}],"curies":[{"name":"wp","href":"https:\/\/api.w.org\/{rel}","templated":true}]}}