{"id":3115,"date":"2014-05-31T02:57:00","date_gmt":"2014-05-31T02:57:00","guid":{"rendered":"http:\/\/formalprision.info\/2014\/05\/31\/clausuran-la-xxxi-conferencia-naciona\/"},"modified":"2015-06-03T08:37:39","modified_gmt":"2015-06-03T08:37:39","slug":"clausuran-la-xxxi-conferencia-naciona","status":"publish","type":"post","link":"https:\/\/formalprision.com\/?p=3115","title":{"rendered":"Clausuran la XXXI Conferencia Nacional de Procuraci\u00f3n de Justicia."},"content":{"rendered":"<div class=\"separator\" style=\"clear: both; text-align: center;\">\n<a href=\"http:\/\/formalprision.com\/wp-content\/uploads\/2014\/05\/aaclausura-1024x682.jpg\" imageanchor=\"1\" style=\"margin-left: 1em; margin-right: 1em;\"><img loading=\"lazy\" decoding=\"async\" border=\"0\" src=\"http:\/\/formalprision.com\/wp-content\/uploads\/2014\/05\/aaclausura-1024x682.jpg\" height=\"213\" width=\"320\" \/><\/a><\/div>\n<div class=\"MsoNormal\" style=\"background: white; line-height: 23.15pt; margin-bottom: 6.8pt; mso-outline-level: 2; text-align: justify;\">\n<b>M\u00e9rida,<br \/>\nYucat\u00e1n, 30 de mayo de 2014.- Con la implementaci\u00f3n total del nuevo Sistema de<br \/>\nJusticia Penal, Yucat\u00e1n ha mandado un mensaje de que no todo es recurso sino<br \/>\nvoluntad y en el Gobierno del Estado se tiene el compromiso para lograrlo,<br \/>\nreconoci\u00f3 el titular de la Secretar\u00eda de Gobernaci\u00f3n (Segob), Miguel \u00c1ngel<br \/>\nOsorio Chong, al clausurar la XXXI Asamblea Plenaria de la Conferencia Nacional<br \/>\nde Procuraci\u00f3n de Justicia.<\/b><\/div>\n<div class=\"MsoNormal\" style=\"background: white; line-height: 23.15pt; margin-bottom: 6.8pt; mso-outline-level: 2; text-align: justify;\">\n<b>Acompa\u00f1ado<br \/>\npor el Gobernador Rolando Zapata Bello, el titular de la Segob destac\u00f3 que en<br \/>\nel \u00e1mbito de seguridad, la entidad es uno de los estados con los mejores<br \/>\nindicadores en la materia, lo que demuestra que aqu\u00ed se hacen bien las cosas y<br \/>\nse entregan buenos resultados.<\/b><\/div>\n<div class=\"MsoNormal\" style=\"background: white; line-height: 23.15pt; margin-bottom: 6.8pt; mso-outline-level: 2; text-align: justify;\">\n<b>\u00abDesde<br \/>\nYucat\u00e1n, hoy los exhort\u00f3 a sumar capacidades para materializar en la vida<br \/>\ncotidiana de los ciudadanos, los beneficios de una justicia eficaz y cercana.<br \/>\nDe nosotros depende que logremos transformar nuestras instituciones. Sigamos<br \/>\ntrabajando de forma coordinada, s\u00ed da resultados, nuestro compromiso es<br \/>\nfortalecer a las instituciones para que se encuentre el fin fundamental y ese<br \/>\nes el de servir de una mejor manera a los mexicanos\u00bb, remarc\u00f3.<\/b><\/div>\n<div class=\"MsoNormal\" style=\"background: white; line-height: 23.15pt; margin-bottom: 6.8pt; mso-outline-level: 2; text-align: justify;\">\n<b>En<br \/>\nevento celebrado en el Centro de Convenciones Yucat\u00e1n Siglo XXI, el titular del<br \/>\nPoder Ejecutivo yucateco asegur\u00f3 que para democratizar las oportunidades y<br \/>\nhacer m\u00e1s eficiente el acceso a la justicia, es necesario impulsar la<br \/>\ncoordinaci\u00f3n y corresponsabilidad, lo que s\u00f3lo ser\u00e1 posible si se contin\u00faa<br \/>\nabonando a la confianza ciudadana, a la transparencia, la equidad y la<br \/>\ninclusi\u00f3n.<\/b><\/div>\n<div class=\"MsoNormal\" style=\"background: white; line-height: 23.15pt; margin-bottom: 6.8pt; mso-outline-level: 2; text-align: justify;\">\n<b>Acompa\u00f1ado<br \/>\ndel titular de la Procuradur\u00eda General de la Rep\u00fablica (PGR), Jes\u00fas Murillo<br \/>\nKaram, el mandatario destac\u00f3 que en el estado se trabaja de manera estrecha,<br \/>\nfortaleciendo los canales de comunicaci\u00f3n, aportando cada quien lo necesario<br \/>\ndesde sus diversas esferas de acci\u00f3n, para lograr un M\u00e9xico en paz que sea el<br \/>\nantecedente de un pa\u00eds m\u00e1s productivo y competitivo.<\/b><\/div>\n<div class=\"MsoNormal\" style=\"background: white; line-height: 23.15pt; margin-bottom: 6.8pt; mso-outline-level: 2; text-align: justify;\">\n<b>\u00abEstoy<br \/>\nseguro de que todos tenemos muy claro que la implementaci\u00f3n normativa de esta<br \/>\nreforma penal es s\u00f3lo un primer paso. Un gran paso, pero s\u00f3lo el primero en un<br \/>\nproceso que, como sociedad, implicar\u00e1 a\u00fan un periodo considerable de tiempo. Y<br \/>\nes que el siguiente paso consistir\u00e1 en lograr que la tinta jur\u00eddica adquiera<br \/>\nvigencia social y verdaderamente se traduzca en beneficios concretos y<br \/>\npalpables para las familias\u00bb, subray\u00f3.<\/b><\/div>\n<div class=\"MsoNormal\" style=\"background: white; line-height: 23.15pt; margin-bottom: 6.8pt; mso-outline-level: 2; text-align: justify;\">\n<b>En<br \/>\npresencia de la fiscal General del Estado, Celia Mar\u00eda Rivas Rodr\u00edguez, y de la<br \/>\nsubprocuradora Jur\u00eddica y de Asuntos Internacionales de la PGR, Mariana Ben\u00edtez<br \/>\nTiburcio, Murillo Karam se\u00f1al\u00f3 que es necesario reforzar la tarea de los<br \/>\ntitulares del \u00e1rea que es la correcci\u00f3n de la justicia y sancionar aquellas<br \/>\nconductas que afectan a la sociedad.<\/b><\/div>\n<div class=\"MsoNormal\" style=\"background: white; line-height: 23.15pt; margin-bottom: 6.8pt; mso-outline-level: 2; text-align: justify;\">\n<b>En<br \/>\nsu turno Rivas Rodr\u00edguez indic\u00f3 que la ciudadan\u00eda y las instituciones de<br \/>\nseguridad, procuraci\u00f3n e impartici\u00f3n de justicia est\u00e1n convocadas a encabezar<br \/>\nel proceso de transformaci\u00f3n jur\u00eddica m\u00e1s importante de los \u00faltimos tiempos.<\/b><\/div>\n<div class=\"MsoNormal\" style=\"background: white; line-height: 23.15pt; margin-bottom: 6.8pt; mso-outline-level: 2; text-align: justify;\">\n<b>Para<br \/>\nello, dijo, en Yucat\u00e1n se le ha apostado a la profesionalizaci\u00f3n, a la<br \/>\ninfraestructura, al equipamiento, pero sobre todo a un cambio de pensamiento,<br \/>\nde actitud, al compromiso de todos y cada uno de los operadores del Sistema.<\/b><\/div>\n<div class=\"MsoNormal\" style=\"background: white; line-height: 23.15pt; margin-bottom: 6.8pt; mso-outline-level: 2; text-align: justify;\">\n<b>Asistieron<br \/>\nal evento, el presidente del Tribunal Superior de Justicia de Yucat\u00e1n, Marcos<br \/>\nCelis Quintal; el comisionado Nacional de Seguridad, Monte Alejandro Rubido<br \/>\nGarc\u00eda; y el secretario Ejecutivo del Sistema Nacional de Seguridad P\u00fablica,<br \/>\nJorge Carlos Hurtado Valdez.<\/b><\/div>\n<p><\/p>\n<div class=\"MsoNormal\">\n<\/div>\n","protected":false},"excerpt":{"rendered":"<p>M\u00e9rida, Yucat\u00e1n, 30 de mayo de 2014.- Con la implementaci\u00f3n total del nuevo Sistema de Justicia Penal, Yucat\u00e1n ha mandado un mensaje de que no todo es recurso sino voluntad<\/p>\n","protected":false},"author":1,"featured_media":16339,"comment_status":"open","ping_status":"open","sticky":false,"template":"","format":"standard","meta":{"jetpack_post_was_ever_published":false,"_jetpack_newsletter_access":"","_jetpack_dont_email_post_to_subs":false,"_jetpack_newsletter_tier_id":0,"_jetpack_memberships_contains_paywalled_content":false,"_jetpack_memberships_contains_paid_content":false,"footnotes":"","jetpack_publicize_message":"","jetpack_publicize_feature_enabled":true,"jetpack_social_post_already_shared":false,"jetpack_social_options":{"image_generator_settings":{"template":"highway","default_image_id":0,"font":"","enabled":false},"version":2}},"categories":[17,1],"tags":[],"class_list":["post-3115","post","type-post","status-publish","format-standard","has-post-thumbnail","hentry","category-politica-y-gobierno","category-sin-categoria"],"jetpack_publicize_connections":[],"jetpack_featured_media_url":"https:\/\/formalprision.com\/wp-content\/uploads\/2014\/05\/aaclausura.jpg","jetpack_sharing_enabled":true,"jetpack_shortlink":"https:\/\/wp.me\/p6id8p-Of","_links":{"self":[{"href":"https:\/\/formalprision.com\/index.php?rest_route=\/wp\/v2\/posts\/3115","targetHints":{"allow":["GET"]}}],"collection":[{"href":"https:\/\/formalprision.com\/index.php?rest_route=\/wp\/v2\/posts"}],"about":[{"href":"https:\/\/formalprision.com\/index.php?rest_route=\/wp\/v2\/types\/post"}],"author":[{"embeddable":true,"href":"https:\/\/formalprision.com\/index.php?rest_route=\/wp\/v2\/users\/1"}],"replies":[{"embeddable":true,"href":"https:\/\/formalprision.com\/index.php?rest_route=%2Fwp%2Fv2%2Fcomments&post=3115"}],"version-history":[{"count":0,"href":"https:\/\/formalprision.com\/index.php?rest_route=\/wp\/v2\/posts\/3115\/revisions"}],"wp:featuredmedia":[{"embeddable":true,"href":"https:\/\/formalprision.com\/index.php?rest_route=\/wp\/v2\/media\/16339"}],"wp:attachment":[{"href":"https:\/\/formalprision.com\/index.php?rest_route=%2Fwp%2Fv2%2Fmedia&parent=3115"}],"wp:term":[{"taxonomy":"category","embeddable":true,"href":"https:\/\/formalprision.com\/index.php?rest_route=%2Fwp%2Fv2%2Fcategories&post=3115"},{"taxonomy":"post_tag","embeddable":true,"href":"https:\/\/formalprision.com\/index.php?rest_route=%2Fwp%2Fv2%2Ftags&post=3115"}],"curies":[{"name":"wp","href":"https:\/\/api.w.org\/{rel}","templated":true}]}}