{"id":31199,"date":"2015-07-13T14:51:00","date_gmt":"2015-07-13T14:51:00","guid":{"rendered":"http:\/\/formalprision.com\/?p=31199"},"modified":"2015-07-13T14:51:00","modified_gmt":"2015-07-13T14:51:00","slug":"ssp-presenta-solucion-vial-a-vecinos-de-ciudad-caucel","status":"publish","type":"post","link":"https:\/\/formalprision.com\/?p=31199","title":{"rendered":"SSP presenta soluci\u00f3n vial a vecinos de Ciudad Caucel"},"content":{"rendered":"<p>Autoridades del gobierno del estado se reunieron con vecinos de Ciudad Caucel para presentarles el proyecto de vialidad con el que se pretende reducir los accidentes fatales.<\/p>\n<p>El encuentro fue el que se program\u00f3 la semana pasada, luego de que los vecinos accedieron a desbloquear el Perif\u00e9rico, y tuvo como eje principal el proyecto para mejorar la circulaci\u00f3n en la zona, as\u00ed como tomar medidas de seguridad.<\/p>\n<p>En esta ocasi\u00f3n no se abord\u00f3 el tema del fatal accidente que motiv\u00f3 las protestas. Incluso familiares del panadero involucrado se\u00f1alaron que ser\u00e1 en otra ocasi\u00f3n cuando se trate el asunto.<\/p>\n<p>Ingenieros de la SSP as\u00ed como funcionarios de la Secretar\u00eda de Seguridad P\u00fablica y del INCAY presentaron el proyecto, que incluye una ordenaci\u00f3n vial en Ciudad Caucel que se desarrollar\u00e1 en seis etapas.<\/p>\n<p>Se cambiar\u00e1n de circulaci\u00f3n en las calles e incluso algunas se convertir\u00edan de un solo sentido.<\/p>\n<p>En la reuni\u00f3n se expuso que el complejo habitacional ha crecido por etapas y los fraccionamientos se empalmaron sin que las constructoras tomaran en cuenta la se\u00f1alizaci\u00f3n vial, lo que ha generado desorden.<\/p>\n<p>Tambi\u00e9n hubo quejas por la falta de banquetas e iluminaci\u00f3n en algunas zonas, pero se aclar\u00f3 que eso corresponde al ayuntamiento.<\/p>\n<p>El fatal accidente que motiva estos encuentros ocurri\u00f3 la noche del pasado 29 de junio, cuando colisionaron un autom\u00f3vil manejado por Jovanny L\u00f3pez Conejo y un tricimoto conducido por el panadero Jos\u00e9 Luis Jim\u00e9nez Ben\u00edtez, quien iba acompa\u00f1ado de su esposa, fallecida en el lugar de los hechos.<\/p>\n<p>Aunque en un principio se se\u00f1al\u00f3 como responsable de los hechos a L\u00f3pez Conejo, quien estaba alcoholizado, el peritaje determin\u00f3 que el culpable era el panadero.<\/p>\n<p>Al enterarse de esto y de la liberaci\u00f3n de Jovanny, los vecinos se molestaron mucho y realizaron marchas e incluso el bloqueo del Perif\u00e9rico.<\/p>\n","protected":false},"excerpt":{"rendered":"<p>Autoridades del gobierno del estado se reunieron con vecinos de Ciudad Caucel para presentarles el proyecto de vialidad con el que se pretende reducir los accidentes fatales. El encuentro fue<\/p>\n","protected":false},"author":1,"featured_media":31201,"comment_status":"open","ping_status":"open","sticky":false,"template":"","format":"standard","meta":{"jetpack_post_was_ever_published":false,"_jetpack_newsletter_access":"","_jetpack_dont_email_post_to_subs":false,"_jetpack_newsletter_tier_id":0,"_jetpack_memberships_contains_paywalled_content":false,"_jetpack_memberships_contains_paid_content":false,"footnotes":"","jetpack_publicize_message":"","jetpack_publicize_feature_enabled":true,"jetpack_social_post_already_shared":true,"jetpack_social_options":{"image_generator_settings":{"template":"highway","default_image_id":0,"font":"","enabled":false},"version":2}},"categories":[14],"tags":[480,607,608],"class_list":["post-31199","post","type-post","status-publish","format-standard","has-post-thumbnail","hentry","category-merida","tag-ciudad-caucel","tag-proyecto-vial","tag-ssp"],"jetpack_publicize_connections":[],"jetpack_featured_media_url":"https:\/\/formalprision.com\/wp-content\/uploads\/2015\/07\/Caucel.jpg","jetpack_sharing_enabled":true,"jetpack_shortlink":"https:\/\/wp.me\/p6id8p-87d","_links":{"self":[{"href":"https:\/\/formalprision.com\/index.php?rest_route=\/wp\/v2\/posts\/31199","targetHints":{"allow":["GET"]}}],"collection":[{"href":"https:\/\/formalprision.com\/index.php?rest_route=\/wp\/v2\/posts"}],"about":[{"href":"https:\/\/formalprision.com\/index.php?rest_route=\/wp\/v2\/types\/post"}],"author":[{"embeddable":true,"href":"https:\/\/formalprision.com\/index.php?rest_route=\/wp\/v2\/users\/1"}],"replies":[{"embeddable":true,"href":"https:\/\/formalprision.com\/index.php?rest_route=%2Fwp%2Fv2%2Fcomments&post=31199"}],"version-history":[{"count":0,"href":"https:\/\/formalprision.com\/index.php?rest_route=\/wp\/v2\/posts\/31199\/revisions"}],"wp:featuredmedia":[{"embeddable":true,"href":"https:\/\/formalprision.com\/index.php?rest_route=\/wp\/v2\/media\/31201"}],"wp:attachment":[{"href":"https:\/\/formalprision.com\/index.php?rest_route=%2Fwp%2Fv2%2Fmedia&parent=31199"}],"wp:term":[{"taxonomy":"category","embeddable":true,"href":"https:\/\/formalprision.com\/index.php?rest_route=%2Fwp%2Fv2%2Fcategories&post=31199"},{"taxonomy":"post_tag","embeddable":true,"href":"https:\/\/formalprision.com\/index.php?rest_route=%2Fwp%2Fv2%2Ftags&post=31199"}],"curies":[{"name":"wp","href":"https:\/\/api.w.org\/{rel}","templated":true}]}}